{"id":21682,"date":"2018-04-19T09:05:52","date_gmt":"2018-04-19T09:05:52","guid":{"rendered":"http:\/\/s712081921.mialojamiento.es\/homenaje-a-angelina-alos"},"modified":"2019-11-07T10:04:52","modified_gmt":"2019-11-07T09:04:52","slug":"homenaje-a-angelina-alos","status":"publish","type":"post","link":"https:\/\/museus.esplugues.cat\/es\/homenaje-a-angelina-alos","title":{"rendered":"Homenaje a Angelina Al\u00f3s"},"content":{"rendered":"<div class=\"flex_column av_three_fourth flex_column_div av-zero-column-padding first avia-builder-el-0 el_before_av_three_fifth avia-builder-el-first \" style=\"border-radius: 0px;\">\n<div class=\"av-special-heading av-special-heading-h3 avia-builder-el-1 avia-builder-el-no-sibling \" style=\"padding-bottom: 10px;\">\n<h3 class=\"av-special-heading-tag\">Arte, m\u00fasica y emoci\u00f3n<\/h3>\n<div class=\"special-heading-border\">\n<div class=\"special-heading-inner-border\"><\/div>\n<\/div>\n<\/div>\n<\/div>\n<div class=\"flex_column av_three_fifth flex_column_div av-zero-column-padding first avia-builder-el-2 el_after_av_three_fourth el_before_av_two_fifth column-top-margin\" style=\"border-radius: 0px;\">\n<section class=\"av_textblock_section\">\n<div class=\"avia_textblock \">\n<p>En el vest\u00edbulo de La Baronda, rodeados de las piezas de Angelina Al\u00f3s tuvo lugar el homenaje de la ciudad de Esplugues a la c\u00e9lebre ceramista en el centenario de su nacimiento. Un acto emotivo que reivindic\u00f3 su figura como ceramista, pero tambi\u00e9n como maestra, como mujer y como violonchelista.<\/p>\n<p>La m\u00fasica, la otra gran pasi\u00f3n de Angelina fue protagonista. Su hija Blanca Morales explic\u00f3 la vinculaci\u00f3n tan especial que Angelina Al\u00f3s ten\u00eda con la m\u00fasica, su relaci\u00f3n con la familia Casals y su amor por el violonchelo.<\/p>\n<p>El acto combin\u00f3 intervenciones con piezas de violonchelo interpretadas por los alumnos de la Escuela Municipal de M\u00fasica de Esplugues: Irene Hern\u00e1ndez, \u00c1frica Gonz\u00e1lez, Jana Massagu\u00e9, Joana Prades, Marina Gos\u00e1lbez y Marc Miranda bajo la direcci\u00f3n de Antonia Parpar. Los j\u00f3venes m\u00fasicos interpretaron Applejack, Bad Romance y El Cant dels ocells, una combinaci\u00f3n de tradici\u00f3n y modernidad.<\/p>\n<p>Entre las piezas musicales, Roser Vilardell, directora de los Museos de Esplugues, y Ariadna Benavides, directora de la Escuela Municipal de Cer\u00e1mica se aproximaron a la figura de Angelina Al\u00f3s ceramista desde diversas vertientes; y F\u00e1tima Pegenaute, quien en representaci\u00f3n de los alumnos de cer\u00e1mica, habl\u00f3 de su descubrimiento del arte de la cer\u00e1mica y de la obra de Angelina Al\u00f3s.<\/p>\n<p>Finalmente, Emili Sempere, especialista y amigo personal de la ceramista, reclam\u00f3 la necesidad de una publicaci\u00f3n monogr\u00e1fica de referencia sobre Angelina Al\u00f3s. La regidora de cultura y patrimonio Maribel Aguilera, cerr\u00f3 el acto reivindicando Angelina Al\u00f3s y su obra como patrimonio de la ciudad de Esplugues.<\/p>\n<p>Durante el a\u00f1o 2017 se han llevado a cabo diferentes actividades con el objetivo de visibilidad de su labor, su obra y su vinculaci\u00f3n con la ciudad.<\/p>\n<p>En marzo, tuvo lugar la conferencia Angelina Al\u00f3s trabajadora del arte de la cer\u00e1mica a cargo de Emili Sempere con la participaci\u00f3n de Blanca Morales, hija del artista. A finales de junio los alumnos de la Escuela Municipal de cer\u00e1mica presentaron sus creaciones a partir de su estudio de las obras de Angelina en la muestra Inspiracios, en la Masoveria de Can Tintur\u00e9. Y por \u00faltimo el mes de octubre se present\u00f3 en la sala ACC de Barcelona, el cat\u00e1logo de la 18 Bienal de cer\u00e1mica de Esplugues Angelina Al\u00f3s, que con motivo de su centenario incluye un cap\u00edtulo especial dedicado a Angelina Al\u00f3s, con un rese\u00f1a del artista hecha por el cr\u00edtico de arte Josep Maria Cadena y una recopilaci\u00f3n fotogr\u00e1fica de sus obras en Esplugues.<\/p>\n<p>Aunque el acto del d\u00eda 13 cerraba el A\u00f1o Angelina Al\u00f3s, la Bienal de cer\u00e1mica, la exposici\u00f3n de La Baronda y todas las obras suyas que encontramos en Esplugues hacen permanente su huella.<\/p>\n<\/div>\n<\/section>\n<\/div>\n<div class=\"flex_column av_two_fifth flex_column_div av-zero-column-padding avia-builder-el-4 el_after_av_three_fifth avia-builder-el-last column-top-margin\" style=\"border-radius: 0px;\"><\/div>\n<p>&nbsp;<\/p>\n","protected":false},"excerpt":{"rendered":"<p>Arte, m\u00fasica y emoci\u00f3n En el vest\u00edbulo de La Baronda, rodeados de las piezas de Angelina Al\u00f3s tuvo lugar el homenaje de la ciudad de Esplugues a la c\u00e9lebre ceramista en el centenario de su nacimiento. Un acto emotivo que reivindic\u00f3 su figura como ceramista, pero tambi\u00e9n como maestra, como mujer y como violonchelista. La [&hellip;]<\/p>\n","protected":false},"author":1,"featured_media":21359,"comment_status":"closed","ping_status":"open","sticky":false,"template":"","format":"standard","meta":{"_et_pb_use_builder":"","_et_pb_old_content":"","_et_gb_content_width":"","_uag_custom_page_level_css":"","footnotes":""},"categories":[653],"tags":[672,844,656,845],"class_list":["post-21682","post","type-post","status-publish","format-standard","has-post-thumbnail","hentry","category-noticies-es","tag-angelina-alos-es-2","tag-arte","tag-arte-musica-y-emocion","tag-musica-y-emocion"],"uagb_featured_image_src":{"full":["https:\/\/museus.esplugues.cat\/wp-content\/uploads\/2018\/04\/2angelina.jpg",218,171,false],"thumbnail":["https:\/\/museus.esplugues.cat\/wp-content\/uploads\/2018\/04\/2angelina-80x80.jpg",80,80,true],"medium":["https:\/\/museus.esplugues.cat\/wp-content\/uploads\/2018\/04\/2angelina.jpg",218,171,false],"medium_large":["https:\/\/museus.esplugues.cat\/wp-content\/uploads\/2018\/04\/2angelina.jpg",218,171,false],"large":["https:\/\/museus.esplugues.cat\/wp-content\/uploads\/2018\/04\/2angelina.jpg",218,171,false],"1536x1536":["https:\/\/museus.esplugues.cat\/wp-content\/uploads\/2018\/04\/2angelina.jpg",218,171,false],"2048x2048":["https:\/\/museus.esplugues.cat\/wp-content\/uploads\/2018\/04\/2angelina.jpg",218,171,false],"et-pb-post-main-image":["https:\/\/museus.esplugues.cat\/wp-content\/uploads\/2018\/04\/2angelina.jpg",218,171,false],"et-pb-post-main-image-fullwidth":["https:\/\/museus.esplugues.cat\/wp-content\/uploads\/2018\/04\/2angelina.jpg",218,171,false],"et-pb-portfolio-image":["https:\/\/museus.esplugues.cat\/wp-content\/uploads\/2018\/04\/2angelina.jpg",218,171,false],"et-pb-portfolio-module-image":["https:\/\/museus.esplugues.cat\/wp-content\/uploads\/2018\/04\/2angelina.jpg",218,171,false],"et-pb-portfolio-image-single":["https:\/\/museus.esplugues.cat\/wp-content\/uploads\/2018\/04\/2angelina.jpg",218,171,false],"et-pb-gallery-module-image-portrait":["https:\/\/museus.esplugues.cat\/wp-content\/uploads\/2018\/04\/2angelina.jpg",218,171,false],"et-pb-post-main-image-fullwidth-large":["https:\/\/museus.esplugues.cat\/wp-content\/uploads\/2018\/04\/2angelina.jpg",218,171,false],"et-pb-image--responsive--desktop":["https:\/\/museus.esplugues.cat\/wp-content\/uploads\/2018\/04\/2angelina.jpg",218,171,false],"et-pb-image--responsive--tablet":["https:\/\/museus.esplugues.cat\/wp-content\/uploads\/2018\/04\/2angelina.jpg",218,171,false],"et-pb-image--responsive--phone":["https:\/\/museus.esplugues.cat\/wp-content\/uploads\/2018\/04\/2angelina.jpg",218,171,false]},"uagb_author_info":{"display_name":"alpha","author_link":"https:\/\/museus.esplugues.cat\/es\/author\/alpha"},"uagb_comment_info":0,"uagb_excerpt":"Arte, m\u00fasica y emoci\u00f3n En el vest\u00edbulo de La Baronda, rodeados de las piezas de Angelina Al\u00f3s tuvo lugar el homenaje de la ciudad de Esplugues a la c\u00e9lebre ceramista en el centenario de su nacimiento. Un acto emotivo que reivindic\u00f3 su figura como ceramista, pero tambi\u00e9n como maestra, como mujer y como violonchelista. La&hellip;","_links":{"self":[{"href":"https:\/\/museus.esplugues.cat\/es\/wp-json\/wp\/v2\/posts\/21682","targetHints":{"allow":["GET"]}}],"collection":[{"href":"https:\/\/museus.esplugues.cat\/es\/wp-json\/wp\/v2\/posts"}],"about":[{"href":"https:\/\/museus.esplugues.cat\/es\/wp-json\/wp\/v2\/types\/post"}],"author":[{"embeddable":true,"href":"https:\/\/museus.esplugues.cat\/es\/wp-json\/wp\/v2\/users\/1"}],"replies":[{"embeddable":true,"href":"https:\/\/museus.esplugues.cat\/es\/wp-json\/wp\/v2\/comments?post=21682"}],"version-history":[{"count":4,"href":"https:\/\/museus.esplugues.cat\/es\/wp-json\/wp\/v2\/posts\/21682\/revisions"}],"predecessor-version":[{"id":26093,"href":"https:\/\/museus.esplugues.cat\/es\/wp-json\/wp\/v2\/posts\/21682\/revisions\/26093"}],"wp:featuredmedia":[{"embeddable":true,"href":"https:\/\/museus.esplugues.cat\/es\/wp-json\/wp\/v2\/media\/21359"}],"wp:attachment":[{"href":"https:\/\/museus.esplugues.cat\/es\/wp-json\/wp\/v2\/media?parent=21682"}],"wp:term":[{"taxonomy":"category","embeddable":true,"href":"https:\/\/museus.esplugues.cat\/es\/wp-json\/wp\/v2\/categories?post=21682"},{"taxonomy":"post_tag","embeddable":true,"href":"https:\/\/museus.esplugues.cat\/es\/wp-json\/wp\/v2\/tags?post=21682"}],"curies":[{"name":"wp","href":"https:\/\/api.w.org\/{rel}","templated":true}]}}