{"id":24555,"date":"2019-02-12T11:26:03","date_gmt":"2019-02-12T10:26:03","guid":{"rendered":"https:\/\/museus.esplugues.cat\/24552"},"modified":"2019-11-07T13:17:16","modified_gmt":"2019-11-07T12:17:16","slug":"24552","status":"publish","type":"post","link":"https:\/\/museus.esplugues.cat\/es\/24552","title":{"rendered":"Taller de mariposas"},"content":{"rendered":"<div class=\"flex_column av_three_fourth flex_column_div av-zero-column-padding first avia-builder-el-0 el_before_av_one_fourth avia-builder-el-first \" style=\"border-radius: 0px;\">\n<div class=\"av-special-heading av-special-heading-h3 custom-color-heading blockquote modern-quote avia-builder-el-1 el_before_av_textblock avia-builder-el-first \" style=\"padding-bottom: 10px; color: #7da545;\">\n<h3 class=\"av-special-heading-tag\">A volar!<\/h3>\n<div class=\"av-subheading av-subheading_below av_custom_color\" style=\"font-size: 15px;\">\n<p>Taller de papallones de fang<\/p>\n<\/div>\n<div class=\"special-heading-border\">\n<div class=\"special-heading-inner-border\" style=\"border-color: #7da545;\"><\/div>\n<\/div>\n<\/div>\n<section class=\"av_textblock_section\">\n<div class=\"avia_textblock \">\n<p><strong>Dimecres, 27 de febrer<\/strong><br \/>\n<strong>De 17 a 19 h, La Masoveria de Can Tintur\u00e9<\/strong><\/p>\n<p>Us proposem un divertit taller per a nens i nenes, en cada infant far\u00e0 la seva papallona de fang per emportar-se a casa seva.<\/p>\n<p>Aquesta activitat s\u2019emmarca en la campmanya contra el canvi clim\u00e0tic Marat\u00f3 Energ\u00e8tica, en la que participen els Museus d\u2019Esplugues. Les papallones s\u00f3n molt sensibles als canvis de temperatura, i l\u2019escalfament global del planeta ja n\u2019ha fet desapar\u00e8ixer v\u00e0ries esp\u00e8cies.<br \/>\n<strong>Fem papallones de fang contra el canvi clim\u00e0tic! Us esperm!<\/strong><\/p>\n<\/div>\n<\/section>\n<\/div>\n<div class=\"flex_column av_one_fourth flex_column_div av-zero-column-padding avia-builder-el-3 el_after_av_three_fourth avia-builder-el-last \" style=\"border-radius: 0px;\">\n<div class=\"avia-image-container av-styling- avia-builder-el-4 avia-builder-el-no-sibling avia-align-center \">\n<div class=\"avia-image-container-inner\"><img decoding=\"async\" class=\"avia_image \" title=\"Llan\u00e7\u00e0-020-CasaFajol11[1]\" src=\"http:\/\/museus.esplugues.cat\/wp-content\/uploads\/2019\/02\/Llan\u00e7\u00e0-020-CasaFajol111-180x171.jpg\" alt=\"\" \/><\/div>\n<\/div>\n<\/div>\n<p>&nbsp;<\/p>\n","protected":false},"excerpt":{"rendered":"<p>A volar! Taller de papallones de fang Dimecres, 27 de febrer De 17 a 19 h, La Masoveria de Can Tintur\u00e9 Us proposem un divertit taller per a nens i nenes, en cada infant far\u00e0 la seva papallona de fang per emportar-se a casa seva. Aquesta activitat s\u2019emmarca en la campmanya contra el canvi clim\u00e0tic [&hellip;]<\/p>\n","protected":false},"author":1,"featured_media":24556,"comment_status":"closed","ping_status":"closed","sticky":false,"template":"","format":"standard","meta":{"_et_pb_use_builder":"","_et_pb_old_content":"","_et_gb_content_width":"","_uag_custom_page_level_css":"","footnotes":""},"categories":[741],"tags":[],"class_list":["post-24555","post","type-post","status-publish","format-standard","has-post-thumbnail","hentry","category-agenda-es-2"],"uagb_featured_image_src":{"full":["https:\/\/museus.esplugues.cat\/wp-content\/uploads\/2019\/02\/Llan\u00e7\u00e0-020-CasaFajol111.jpg",218,171,false],"thumbnail":["https:\/\/museus.esplugues.cat\/wp-content\/uploads\/2019\/02\/Llan\u00e7\u00e0-020-CasaFajol111-80x80.jpg",80,80,true],"medium":["https:\/\/museus.esplugues.cat\/wp-content\/uploads\/2019\/02\/Llan\u00e7\u00e0-020-CasaFajol111.jpg",218,171,false],"medium_large":["https:\/\/museus.esplugues.cat\/wp-content\/uploads\/2019\/02\/Llan\u00e7\u00e0-020-CasaFajol111.jpg",218,171,false],"large":["https:\/\/museus.esplugues.cat\/wp-content\/uploads\/2019\/02\/Llan\u00e7\u00e0-020-CasaFajol111.jpg",218,171,false],"1536x1536":["https:\/\/museus.esplugues.cat\/wp-content\/uploads\/2019\/02\/Llan\u00e7\u00e0-020-CasaFajol111.jpg",218,171,false],"2048x2048":["https:\/\/museus.esplugues.cat\/wp-content\/uploads\/2019\/02\/Llan\u00e7\u00e0-020-CasaFajol111.jpg",218,171,false],"et-pb-post-main-image":["https:\/\/museus.esplugues.cat\/wp-content\/uploads\/2019\/02\/Llan\u00e7\u00e0-020-CasaFajol111.jpg",218,171,false],"et-pb-post-main-image-fullwidth":["https:\/\/museus.esplugues.cat\/wp-content\/uploads\/2019\/02\/Llan\u00e7\u00e0-020-CasaFajol111.jpg",218,171,false],"et-pb-portfolio-image":["https:\/\/museus.esplugues.cat\/wp-content\/uploads\/2019\/02\/Llan\u00e7\u00e0-020-CasaFajol111.jpg",218,171,false],"et-pb-portfolio-module-image":["https:\/\/museus.esplugues.cat\/wp-content\/uploads\/2019\/02\/Llan\u00e7\u00e0-020-CasaFajol111.jpg",218,171,false],"et-pb-portfolio-image-single":["https:\/\/museus.esplugues.cat\/wp-content\/uploads\/2019\/02\/Llan\u00e7\u00e0-020-CasaFajol111.jpg",218,171,false],"et-pb-gallery-module-image-portrait":["https:\/\/museus.esplugues.cat\/wp-content\/uploads\/2019\/02\/Llan\u00e7\u00e0-020-CasaFajol111.jpg",218,171,false],"et-pb-post-main-image-fullwidth-large":["https:\/\/museus.esplugues.cat\/wp-content\/uploads\/2019\/02\/Llan\u00e7\u00e0-020-CasaFajol111.jpg",218,171,false],"et-pb-image--responsive--desktop":["https:\/\/museus.esplugues.cat\/wp-content\/uploads\/2019\/02\/Llan\u00e7\u00e0-020-CasaFajol111.jpg",218,171,false],"et-pb-image--responsive--tablet":["https:\/\/museus.esplugues.cat\/wp-content\/uploads\/2019\/02\/Llan\u00e7\u00e0-020-CasaFajol111.jpg",218,171,false],"et-pb-image--responsive--phone":["https:\/\/museus.esplugues.cat\/wp-content\/uploads\/2019\/02\/Llan\u00e7\u00e0-020-CasaFajol111.jpg",218,171,false]},"uagb_author_info":{"display_name":"alpha","author_link":"https:\/\/museus.esplugues.cat\/es\/author\/alpha"},"uagb_comment_info":0,"uagb_excerpt":"A volar! Taller de papallones de fang Dimecres, 27 de febrer De 17 a 19 h, La Masoveria de Can Tintur\u00e9 Us proposem un divertit taller per a nens i nenes, en cada infant far\u00e0 la seva papallona de fang per emportar-se a casa seva. Aquesta activitat s\u2019emmarca en la campmanya contra el canvi clim\u00e0tic&hellip;","_links":{"self":[{"href":"https:\/\/museus.esplugues.cat\/es\/wp-json\/wp\/v2\/posts\/24555","targetHints":{"allow":["GET"]}}],"collection":[{"href":"https:\/\/museus.esplugues.cat\/es\/wp-json\/wp\/v2\/posts"}],"about":[{"href":"https:\/\/museus.esplugues.cat\/es\/wp-json\/wp\/v2\/types\/post"}],"author":[{"embeddable":true,"href":"https:\/\/museus.esplugues.cat\/es\/wp-json\/wp\/v2\/users\/1"}],"replies":[{"embeddable":true,"href":"https:\/\/museus.esplugues.cat\/es\/wp-json\/wp\/v2\/comments?post=24555"}],"version-history":[{"count":4,"href":"https:\/\/museus.esplugues.cat\/es\/wp-json\/wp\/v2\/posts\/24555\/revisions"}],"predecessor-version":[{"id":26216,"href":"https:\/\/museus.esplugues.cat\/es\/wp-json\/wp\/v2\/posts\/24555\/revisions\/26216"}],"wp:featuredmedia":[{"embeddable":true,"href":"https:\/\/museus.esplugues.cat\/es\/wp-json\/wp\/v2\/media\/24556"}],"wp:attachment":[{"href":"https:\/\/museus.esplugues.cat\/es\/wp-json\/wp\/v2\/media?parent=24555"}],"wp:term":[{"taxonomy":"category","embeddable":true,"href":"https:\/\/museus.esplugues.cat\/es\/wp-json\/wp\/v2\/categories?post=24555"},{"taxonomy":"post_tag","embeddable":true,"href":"https:\/\/museus.esplugues.cat\/es\/wp-json\/wp\/v2\/tags?post=24555"}],"curies":[{"name":"wp","href":"https:\/\/api.w.org\/{rel}","templated":true}]}}