{"id":43385,"date":"2024-12-17T13:24:40","date_gmt":"2024-12-17T12:24:40","guid":{"rendered":"https:\/\/museus.esplugues.cat\/?p=43385"},"modified":"2025-01-22T12:29:44","modified_gmt":"2025-01-22T11:29:44","slug":"i-jornada-de-memoria-democratica-desplugues","status":"publish","type":"post","link":"https:\/\/museus.esplugues.cat\/es\/i-jornada-de-memoria-democratica-desplugues","title":{"rendered":"I Jornada de Memoria Democr\u00e1tica de Esplugues"},"content":{"rendered":"<p>[et_pb_section fb_built=\u00bb1&#8243; admin_label=\u00bbsection\u00bb _builder_version=\u00bb4.16&#8243; global_colors_info=\u00bb{}\u00bb][et_pb_row admin_label=\u00bbrow\u00bb _builder_version=\u00bb4.16&#8243; background_size=\u00bbinitial\u00bb background_position=\u00bbtop_left\u00bb background_repeat=\u00bbrepeat\u00bb global_colors_info=\u00bb{}\u00bb][et_pb_column type=\u00bb4_4&#8243; _builder_version=\u00bb4.16&#8243; custom_padding=\u00bb|||\u00bb global_colors_info=\u00bb{}\u00bb custom_padding__hover=\u00bb|||\u00bb][et_pb_image src=\u00bbhttps:\/\/museus.esplugues.cat\/wp-content\/uploads\/2025\/01\/IMD_capcaleraMail.jpg\u00bb alt=\u00bbDones i Museus\u00bb title_text=\u00bbIMD_cap\u00e7aleraMail\u00bb disabled_on=\u00bboff|off|off\u00bb _builder_version=\u00bb4.27.4&#8243; global_colors_info=\u00bb{}\u00bb][\/et_pb_image][et_pb_image src=\u00bbhttps:\/\/museus.esplugues.cat\/wp-content\/uploads\/2025\/01\/CapIMD_2.png\u00bb title_text=\u00bbCapIMD_2&#8243; _builder_version=\u00bb4.27.4&#8243; _module_preset=\u00bbdefault\u00bb global_colors_info=\u00bb{}\u00bb][\/et_pb_image][\/et_pb_column][\/et_pb_row][et_pb_row _builder_version=\u00bb4.16&#8243; _module_preset=\u00bbdefault\u00bb global_colors_info=\u00bb{}\u00bb][et_pb_column type=\u00bb4_4&#8243; _builder_version=\u00bb4.16&#8243; _module_preset=\u00bbdefault\u00bb global_colors_info=\u00bb{}\u00bb][et_pb_text _builder_version=\u00bb4.27.4&#8243; _module_preset=\u00bbdefault\u00bb text_font=\u00bb|700|||||||\u00bb text_text_color=\u00bb#d98b07&#8243; text_font_size=\u00bb26px\u00bb text_line_height=\u00bb1.2em\u00bb global_colors_info=\u00bb{}\u00bb]<\/p>\n<p style=\"text-align: center;\">Esplugues de Llobregat, en tiempos de Guerra<\/p>\n<p>[\/et_pb_text][et_pb_text _builder_version=\u00bb4.27.4&#8243; _module_preset=\u00bbdefault\u00bb global_colors_info=\u00bb{}\u00bb]<\/p>\n<p>Jornada de presentaci\u00f3n de las \u00faltimas novedades del programa de memoria democr\u00e1tica de Esplugues de Llobregat.<\/p>\n<p>El objetivo es dar a conocer tres estudios in\u00e9ditos sobre la Guerra Civil Espa\u00f1ola en nuestra ciudad, y presentar el proyecto de dramatizaci\u00f3n hist\u00f3rica a trav\u00e9s de podcast: Esplugues 1939: la \u00faltima resistencia.<\/p>\n<p>[\/et_pb_text][\/et_pb_column][\/et_pb_row][et_pb_row column_structure=\u00bb3_4,1_4&#8243; _builder_version=\u00bb4.16&#8243; _module_preset=\u00bbdefault\u00bb global_colors_info=\u00bb{}\u00bb][et_pb_column type=\u00bb3_4&#8243; _builder_version=\u00bb4.16&#8243; _module_preset=\u00bbdefault\u00bb global_colors_info=\u00bb{}\u00bb][et_pb_text _builder_version=\u00bb4.27.4&#8243; _module_preset=\u00bbdefault\u00bb text_font=\u00bb|600|||||||\u00bb text_text_color=\u00bb#d98b07&#8243; text_font_size=\u00bb26px\u00bb text_line_height=\u00bb1.2em\u00bb global_colors_info=\u00bb{}\u00bb]<\/p>\n<p>Programa:<\/p>\n<p>[\/et_pb_text][et_pb_divider color=\u00bb#821511&#8243; _builder_version=\u00bb4.27.4&#8243; _module_preset=\u00bbdefault\u00bb global_colors_info=\u00bb{}\u00bb][\/et_pb_divider][et_pb_text _builder_version=\u00bb4.27.4&#8243; _module_preset=\u00bbdefault\u00bb global_colors_info=\u00bb{}\u00bb]<\/p>\n<p>\u00a09-9:30\u202fh Acreditaciones<\/p>\n<p>9:30-9:45\u202fh<strong> Bienvenida institucional<\/strong><\/p>\n<p>A cargo de <strong>Eduard Sanz Garcia, <\/strong>alcalde de Esplugues de Llobregat,<strong> Lourdes Borrell Moreno, <\/strong>diputada delegada de Memoria Democr\u00e1tica de la Diputaci\u00f3n de Barcelona y<strong> Xavier Men\u00e9ndez y Pablo, director <\/strong>general de Memoria Democr\u00e1tica en Generalitat de Catalunya.<\/p>\n<p>9:45-10:00\u202fh<\/p>\n<p><strong>El programa local de Memoria Democr\u00e1tica (2023-2026)<\/strong><\/p>\n<p>A cargo de<strong> Carme Comas Camacho<\/strong>, directora del servicio de Patrimonio Cultural y Memoria Hist\u00f3rica<\/p>\n<p>10:00-10:45\u202fh<br \/><strong>Esplugues 1936-1939: la vida en la retaguardia<\/strong><\/p>\n<p>A cargo de <strong>Marta Maragall Moreno<\/strong>, historiadora y arque\u00f3loga<\/p>\n<p>10:45-11:30\u202fh<br \/><strong>El Puente de Esplugues: la \u00faltima resistencia republicana<\/strong><\/p>\n<p>A cargo de <strong>Jordi Amig\u00f3 Barbeta<\/strong>, historiador, y <strong>Francesc Riera Prenafeta,<\/strong> investigador<\/p>\n<p>11:30-12:00\u202fh &#8211; Pausa<\/p>\n<p>12:00-12:45\u202fh<br \/><strong>Los refugios antia\u00e9reos en Esplugues de Llobregat<\/strong><\/p>\n<p>A cargo de <strong>Jordi Ramos Ruiz<\/strong>, historiador<\/p>\n<p>12:45-13:30\u202fh<br \/><strong>Proyecto de ficci\u00f3n narrativa \u2018Esplugues 1939: la \u00faltima resistencia\u2019<\/strong><\/p>\n<p>A cargo de <strong>Tolo Albert\u00ed Bosch y Arnau Bonil Soler,<\/strong> equipo de direcci\u00f3n, producci\u00f3n y guion.<\/p>\n<p>13.30 h <strong>Clausura<\/strong><\/p>\n<p>A cargo de<strong> Maribel Aguilera Mulero, <\/strong>regidora de Patrimoni cultural, Mem\u00f2ria hist\u00f2rica i turisme de l\u2019Ajuntament d\u2019Esplugues<strong>.<\/strong><\/p>\n<p>[\/et_pb_text][\/et_pb_column][et_pb_column type=\u00bb1_4&#8243; _builder_version=\u00bb4.16&#8243; _module_preset=\u00bbdefault\u00bb global_colors_info=\u00bb{}\u00bb][et_pb_text disabled_on=\u00bbon|on|off\u00bb _builder_version=\u00bb4.27.4&#8243; _module_preset=\u00bbdefault\u00bb background_color=\u00bb#7F512C\u00bb border_radii=\u00bbon|16px|16px|16px|16px\u00bb border_color_all=\u00bb#7f512c\u00bb global_colors_info=\u00bb{}\u00bb]<\/p>\n<p>&nbsp;<\/p>\n<p>&nbsp;<\/p>\n<p>&nbsp;<\/p>\n<p>&nbsp;<\/p>\n<p>&nbsp;<\/p>\n<p>&nbsp;<\/p>\n<p>&nbsp;<\/p>\n<p>&nbsp;<\/p>\n<p>&nbsp;<\/p>\n<p>&nbsp;<\/p>\n<p>&nbsp;<\/p>\n<p>&nbsp;<\/p>\n<p>&nbsp;<\/p>\n<p>&nbsp;<\/p>\n<p>&nbsp;<\/p>\n<p>&nbsp;<\/p>\n<p>&nbsp;<\/p>\n<p>&nbsp;<\/p>\n<p>&nbsp;<\/p>\n<p>&nbsp;<\/p>\n<p>&nbsp;<\/p>\n<p>&nbsp;<\/p>\n<p>[\/et_pb_text][\/et_pb_column][\/et_pb_row][et_pb_row _builder_version=\u00bb4.16&#8243; _module_preset=\u00bbdefault\u00bb global_colors_info=\u00bb{}\u00bb][et_pb_column type=\u00bb4_4&#8243; _builder_version=\u00bb4.16&#8243; _module_preset=\u00bbdefault\u00bb global_colors_info=\u00bb{}\u00bb][et_pb_button button_text=\u00bbPlazas agotadas\u00bb button_alignment=\u00bbcenter\u00bb _builder_version=\u00bb4.27.4&#8243; _module_preset=\u00bbdefault\u00bb custom_button=\u00bbon\u00bb button_text_size=\u00bb14px\u00bb button_text_color=\u00bb#FFFFFF\u00bb button_bg_color=\u00bb#D98B07&#8243; hover_enabled=\u00bb0&#8243; global_colors_info=\u00bb{}\u00bb sticky_enabled=\u00bb0&#8243;][\/et_pb_button][\/et_pb_column][\/et_pb_row][et_pb_row _builder_version=\u00bb4.21.0&#8243; _module_preset=\u00bbdefault\u00bb global_colors_info=\u00bb{}\u00bb][et_pb_column type=\u00bb4_4&#8243; _builder_version=\u00bb4.21.0&#8243; _module_preset=\u00bbdefault\u00bb global_colors_info=\u00bb{}\u00bb][et_pb_divider color=\u00bb#821511&#8243; _builder_version=\u00bb4.21.0&#8243; _module_preset=\u00bbdefault\u00bb global_colors_info=\u00bb{}\u00bb][\/et_pb_divider][et_pb_text _builder_version=\u00bb4.27.4&#8243; _module_preset=\u00bbdefault\u00bb global_colors_info=\u00bb{}\u00bb]<\/p>\n<p><strong>Imagen cabecera:<\/strong><\/p>\n<p>Tanques franquistas en Pont d&#8217;Esplugues . 26 de enero de 1939.<\/p>\n<p>AFMG (Archivo Familiar Mart\u00ednez Gasc\u00f3n). Fot\u00f3grafo Francisco Mart\u00ednez Gasc\u00f3n. Digitalizaci\u00f3n Instituci\u00f3n Fernando el Cat\u00f3lico. Reg.21_Esplugues.<\/p>\n<p>[\/et_pb_text][et_pb_divider color=\u00bb#821511&#8243; _builder_version=\u00bb4.21.0&#8243; _module_preset=\u00bbdefault\u00bb global_colors_info=\u00bb{}\u00bb][\/et_pb_divider][et_pb_image src=\u00bbhttps:\/\/museus.esplugues.cat\/wp-content\/uploads\/2025\/01\/logos.jpg\u00bb title_text=\u00bblogos\u00bb align=\u00bbcenter\u00bb _builder_version=\u00bb4.27.4&#8243; _module_preset=\u00bbdefault\u00bb width=\u00bb106%\u00bb max_width=\u00bb101%\u00bb global_colors_info=\u00bb{}\u00bb][\/et_pb_image][\/et_pb_column][\/et_pb_row][\/et_pb_section]<\/p>\n","protected":false},"excerpt":{"rendered":"<p>Esplugues de Llobregat, en tiempos de GuerraJornada de presentaci\u00f3n de las \u00faltimas novedades del programa de memoria democr\u00e1tica de Esplugues de Llobregat. El objetivo es dar a conocer tres estudios in\u00e9ditos sobre la Guerra Civil Espa\u00f1ola en nuestra ciudad, y presentar el proyecto de dramatizaci\u00f3n hist\u00f3rica a trav\u00e9s de podcast: Esplugues 1939: la \u00faltima resistencia.Programa:\u00a09-9:30\u202fh [&hellip;]<\/p>\n","protected":false},"author":1,"featured_media":43421,"comment_status":"closed","ping_status":"closed","sticky":false,"template":"","format":"standard","meta":{"_et_pb_use_builder":"on","_et_pb_old_content":"","_et_gb_content_width":"","_uag_custom_page_level_css":"","footnotes":""},"categories":[57,988,56,653,958,16],"tags":[683,38,994,995],"class_list":["post-43385","post","type-post","status-publish","format-standard","has-post-thumbnail","hentry","category-news","category-news-es","category-noticias","category-noticies-es","category-noticias-es","category-noticies","tag-esplugues-es-2","tag-esplugues","tag-memoria-democratica","tag-memoria-democratica-es"],"uagb_featured_image_src":{"full":["https:\/\/museus.esplugues.cat\/wp-content\/uploads\/2024\/12\/MD300x200.jpg",300,200,false],"thumbnail":["https:\/\/museus.esplugues.cat\/wp-content\/uploads\/2024\/12\/MD300x200-80x80.jpg",80,80,true],"medium":["https:\/\/museus.esplugues.cat\/wp-content\/uploads\/2024\/12\/MD300x200.jpg",300,200,false],"medium_large":["https:\/\/museus.esplugues.cat\/wp-content\/uploads\/2024\/12\/MD300x200.jpg",300,200,false],"large":["https:\/\/museus.esplugues.cat\/wp-content\/uploads\/2024\/12\/MD300x200.jpg",300,200,false],"1536x1536":["https:\/\/museus.esplugues.cat\/wp-content\/uploads\/2024\/12\/MD300x200.jpg",300,200,false],"2048x2048":["https:\/\/museus.esplugues.cat\/wp-content\/uploads\/2024\/12\/MD300x200.jpg",300,200,false],"et-pb-post-main-image":["https:\/\/museus.esplugues.cat\/wp-content\/uploads\/2024\/12\/MD300x200.jpg",300,200,false],"et-pb-post-main-image-fullwidth":["https:\/\/museus.esplugues.cat\/wp-content\/uploads\/2024\/12\/MD300x200.jpg",300,200,false],"et-pb-portfolio-image":["https:\/\/museus.esplugues.cat\/wp-content\/uploads\/2024\/12\/MD300x200.jpg",300,200,false],"et-pb-portfolio-module-image":["https:\/\/museus.esplugues.cat\/wp-content\/uploads\/2024\/12\/MD300x200.jpg",300,200,false],"et-pb-portfolio-image-single":["https:\/\/museus.esplugues.cat\/wp-content\/uploads\/2024\/12\/MD300x200.jpg",300,200,false],"et-pb-gallery-module-image-portrait":["https:\/\/museus.esplugues.cat\/wp-content\/uploads\/2024\/12\/MD300x200.jpg",300,200,false],"et-pb-post-main-image-fullwidth-large":["https:\/\/museus.esplugues.cat\/wp-content\/uploads\/2024\/12\/MD300x200.jpg",300,200,false],"et-pb-image--responsive--desktop":["https:\/\/museus.esplugues.cat\/wp-content\/uploads\/2024\/12\/MD300x200.jpg",300,200,false],"et-pb-image--responsive--tablet":["https:\/\/museus.esplugues.cat\/wp-content\/uploads\/2024\/12\/MD300x200.jpg",300,200,false],"et-pb-image--responsive--phone":["https:\/\/museus.esplugues.cat\/wp-content\/uploads\/2024\/12\/MD300x200.jpg",300,200,false]},"uagb_author_info":{"display_name":"alpha","author_link":"https:\/\/museus.esplugues.cat\/es\/author\/alpha"},"uagb_comment_info":0,"uagb_excerpt":"Esplugues de Llobregat, en tiempos de GuerraJornada de presentaci\u00f3n de las \u00faltimas novedades del programa de memoria democr\u00e1tica de Esplugues de Llobregat. El objetivo es dar a conocer tres estudios in\u00e9ditos sobre la Guerra Civil Espa\u00f1ola en nuestra ciudad, y presentar el proyecto de dramatizaci\u00f3n hist\u00f3rica a trav\u00e9s de podcast: Esplugues 1939: la \u00faltima resistencia.Programa:\u00a09-9:30\u202fh&hellip;","_links":{"self":[{"href":"https:\/\/museus.esplugues.cat\/es\/wp-json\/wp\/v2\/posts\/43385","targetHints":{"allow":["GET"]}}],"collection":[{"href":"https:\/\/museus.esplugues.cat\/es\/wp-json\/wp\/v2\/posts"}],"about":[{"href":"https:\/\/museus.esplugues.cat\/es\/wp-json\/wp\/v2\/types\/post"}],"author":[{"embeddable":true,"href":"https:\/\/museus.esplugues.cat\/es\/wp-json\/wp\/v2\/users\/1"}],"replies":[{"embeddable":true,"href":"https:\/\/museus.esplugues.cat\/es\/wp-json\/wp\/v2\/comments?post=43385"}],"version-history":[{"count":5,"href":"https:\/\/museus.esplugues.cat\/es\/wp-json\/wp\/v2\/posts\/43385\/revisions"}],"predecessor-version":[{"id":43549,"href":"https:\/\/museus.esplugues.cat\/es\/wp-json\/wp\/v2\/posts\/43385\/revisions\/43549"}],"wp:featuredmedia":[{"embeddable":true,"href":"https:\/\/museus.esplugues.cat\/es\/wp-json\/wp\/v2\/media\/43421"}],"wp:attachment":[{"href":"https:\/\/museus.esplugues.cat\/es\/wp-json\/wp\/v2\/media?parent=43385"}],"wp:term":[{"taxonomy":"category","embeddable":true,"href":"https:\/\/museus.esplugues.cat\/es\/wp-json\/wp\/v2\/categories?post=43385"},{"taxonomy":"post_tag","embeddable":true,"href":"https:\/\/museus.esplugues.cat\/es\/wp-json\/wp\/v2\/tags?post=43385"}],"curies":[{"name":"wp","href":"https:\/\/api.w.org\/{rel}","templated":true}]}}