{"id":45350,"date":"2025-06-01T12:12:02","date_gmt":"2025-06-01T10:12:02","guid":{"rendered":"https:\/\/museus.esplugues.cat\/monestir-de-montsio"},"modified":"2025-07-23T13:38:42","modified_gmt":"2025-07-23T11:38:42","slug":"monestir-de-montsio","status":"publish","type":"post","link":"https:\/\/museus.esplugues.cat\/es\/monestir-de-montsio","title":{"rendered":"Monestir de Montsi\u00f3"},"content":{"rendered":"<p>[et_pb_section fb_built=\u00bb1&#8243; admin_label=\u00bbsection\u00bb _builder_version=\u00bb4.16&#8243; global_colors_info=\u00bb{}\u00bb][et_pb_row admin_label=\u00bbrow\u00bb _builder_version=\u00bb4.16&#8243; background_size=\u00bbinitial\u00bb background_position=\u00bbtop_left\u00bb background_repeat=\u00bbrepeat\u00bb global_colors_info=\u00bb{}\u00bb][et_pb_column type=\u00bb4_4&#8243; _builder_version=\u00bb4.16&#8243; custom_padding=\u00bb|||\u00bb global_colors_info=\u00bb{}\u00bb custom_padding__hover=\u00bb|||\u00bb][et_pb_image src=\u00bbhttps:\/\/museus.esplugues.cat\/wp-content\/uploads\/2025\/07\/claustre-capcalera.jpg\u00bb title_text=\u00bbclaustre cap\u00e7alera\u00bb _builder_version=\u00bb4.27.4&#8243; _module_preset=\u00bbdefault\u00bb global_colors_info=\u00bb{}\u00bb][\/et_pb_image][\/et_pb_column][\/et_pb_row][et_pb_row _builder_version=\u00bb4.27.4&#8243; _module_preset=\u00bbdefault\u00bb global_colors_info=\u00bb{}\u00bb][et_pb_column type=\u00bb4_4&#8243; _builder_version=\u00bb4.27.4&#8243; _module_preset=\u00bbdefault\u00bb global_colors_info=\u00bb{}\u00bb][et_pb_text _builder_version=\u00bb4.27.4&#8243; _module_preset=\u00bbdefault\u00bb global_colors_info=\u00bb{}\u00bb]<\/p>\n<p style=\"text-align: center;\"><strong>Conjunto arquitect\u00f3nico que incluye un claustro g\u00f3tico del siglo XIV, la iglesia conventual y<\/strong> l<strong>a casa modernista de Can Casanovas, recientemente adquirido por el Ayuntamiento <\/strong><strong>de Esplugues de Llobregat.<\/strong><\/p>\n<p>[\/et_pb_text][\/et_pb_column][\/et_pb_row][et_pb_row _builder_version=\u00bb4.27.4&#8243; _module_preset=\u00bbdefault\u00bb background_color=\u00bbRGBA(255,255,255,0)\u00bb global_colors_info=\u00bb{}\u00bb][et_pb_column type=\u00bb4_4&#8243; _builder_version=\u00bb4.27.4&#8243; _module_preset=\u00bbdefault\u00bb background_color=\u00bbRGBA(255,255,255,0)\u00bb border_radii=\u00bbon|16px|16px|16px|16px\u00bb border_color_all=\u00bb#EDF000&#8243; global_colors_info=\u00bb{}\u00bb][et_pb_text _builder_version=\u00bb4.27.4&#8243; _module_preset=\u00bbdefault\u00bb text_text_color=\u00bbrgba(0,0,0,0.62)\u00bb text_font_size=\u00bb30px\u00bb header_text_color=\u00bbrgba(0,0,0,0.55)\u00bb custom_margin=\u00bb0px|||0px|false|false\u00bb custom_padding=\u00bb0px|||7px|false|false\u00bb border_color_all=\u00bb#EDF000&#8243; global_colors_info=\u00bb{}\u00bb]<\/p>\n<p>\u00bfC\u00f3mo puedo visitar el Monasterio de Montsi\u00f3?<\/p>\n<p>[\/et_pb_text][\/et_pb_column][\/et_pb_row][et_pb_row column_structure=\u00bb1_3,2_3&#8243; disabled_on=\u00bbon|on|off\u00bb _builder_version=\u00bb4.27.4&#8243; _module_preset=\u00bbdefault\u00bb global_colors_info=\u00bb{}\u00bb][et_pb_column type=\u00bb1_3&#8243; _builder_version=\u00bb4.27.4&#8243; _module_preset=\u00bbdefault\u00bb global_colors_info=\u00bb{}\u00bb][et_pb_text disabled_on=\u00bbon|on|off\u00bb _builder_version=\u00bb4.27.4&#8243; _module_preset=\u00bbdefault\u00bb background_color=\u00bbRGBA(237,240,0,0.24)\u00bb border_radii=\u00bbon|16px|16px|16px|16px\u00bb border_color_all=\u00bb#EDF000&#8243; global_colors_info=\u00bb{}\u00bb]<\/p>\n<p style=\"text-align: center;\"><strong><\/strong><\/p>\n<p style=\"text-align: center;\"><strong>Puertas abiertas:<\/strong><\/p>\n<p style=\"text-align: center;\"><strong><\/strong><\/p>\n<p style=\"text-align: center;\"><strong><\/strong><\/p>\n<p style=\"text-align: center;\"><strong><\/strong><\/p>\n<p>[\/et_pb_text][\/et_pb_column][et_pb_column type=\u00bb2_3&#8243; _builder_version=\u00bb4.27.4&#8243; _module_preset=\u00bbdefault\u00bb global_colors_info=\u00bb{}\u00bb][et_pb_text disabled_on=\u00bbon|on|off\u00bb _builder_version=\u00bb4.27.4&#8243; _module_preset=\u00bbdefault\u00bb background_color=\u00bbRGBA(237,240,0,0.24)\u00bb border_radii=\u00bbon|16px|16px|16px|16px\u00bb border_color_all=\u00bb#EDF000&#8243; global_colors_info=\u00bb{}\u00bb]<\/p>\n<p style=\"text-align: center;\"><strong><\/strong><\/p>\n<p style=\"text-align: center;\"><strong>Ruta De la M\u00e0 d&#8217;Esplugues<\/strong><\/p>\n<p>[\/et_pb_text][et_pb_text disabled_on=\u00bbon|on|off\u00bb _builder_version=\u00bb4.27.4&#8243; _module_preset=\u00bbdefault\u00bb global_colors_info=\u00bb{}\u00bb]<\/p>\n<p style=\"text-align: center;\">Itinerario guiado por el centro hist\u00f3rico de Esplugues que incluye en exclusiva <span style=\"text-decoration: underline;\">la visita guiada al Claustro de Montsi\u00f3 a los Jardines de Can Tintur\u00e9.<\/span><\/p>\n<p>[\/et_pb_text][\/et_pb_column][\/et_pb_row][et_pb_row column_structure=\u00bb1_3,1_3,1_3&#8243; disabled_on=\u00bbon|on|off\u00bb _builder_version=\u00bb4.27.4&#8243; _module_preset=\u00bbdefault\u00bb background_color=\u00bbRGBA(255,255,255,0)\u00bb custom_padding=\u00bb27px|||||\u00bb hover_enabled=\u00bb0&#8243; global_colors_info=\u00bb{}\u00bb sticky_enabled=\u00bb0&#8243;][et_pb_column type=\u00bb1_3&#8243; _builder_version=\u00bb4.27.4&#8243; _module_preset=\u00bbdefault\u00bb background_color=\u00bbRGBA(255,255,255,0)\u00bb border_radii=\u00bbon|16px|16px|16px|16px\u00bb border_width_all=\u00bb1px\u00bb border_color_all=\u00bb#EDF000&#8243; global_colors_info=\u00bb{}\u00bb][et_pb_text _builder_version=\u00bb4.27.4&#8243; _module_preset=\u00bbdefault\u00bb text_text_color=\u00bb#000000&#8243; background_color=\u00bbRGBA(255,255,255,0)\u00bb custom_padding=\u00bb|||5px|false|false\u00bb global_colors_info=\u00bb{}\u00bb]<\/p>\n<p><b>Visita libre<\/b><\/p>\n<p>\u00daltimo domingo de mes excepto agosto y diciembre.<\/p>\n<ul>\n<li>De 10 a 14 h<\/li>\n<li>Gratuita<\/li>\n<li>Acceso libre<\/li>\n<\/ul>\n<p>[\/et_pb_text][\/et_pb_column][et_pb_column type=\u00bb1_3&#8243; _builder_version=\u00bb4.27.4&#8243; _module_preset=\u00bbdefault\u00bb background_color=\u00bbRGBA(255,255,255,0)\u00bb border_radii=\u00bbon|16px|16px|16px|16px\u00bb border_width_all=\u00bb1px\u00bb border_color_all=\u00bb#EDF000&#8243; global_colors_info=\u00bb{}\u00bb][et_pb_text _builder_version=\u00bb4.27.4&#8243; _module_preset=\u00bbdefault\u00bb text_text_color=\u00bb#000000&#8243; background_color=\u00bbRGBA(255,255,255,0)\u00bb custom_padding=\u00bb|||5px|false|false\u00bb global_colors_info=\u00bb{}\u00bb]<\/p>\n<p><strong>Para p\u00fablico individual:<\/strong><\/p>\n<p>\u00daltimo domingo de mes excepto agosto y diciembre, a las 10.30 h<strong><\/strong><\/p>\n<p><strong><\/strong><\/p>\n<ul>\n<li>Inscripci\u00f3n previa <span style=\"text-decoration: underline;\"><\/span><\/li>\n<li>Precio: 3 euros<\/li>\n<li>Durada 2 horas<\/li>\n<\/ul>\n<p><span style=\"text-decoration: underline;\"><\/span><\/p>\n<p>[\/et_pb_text][et_pb_button button_text=\u00bbReserva 27\/07\/25&#8243; _builder_version=\u00bb4.27.4&#8243; _module_preset=\u00bbdefault\u00bb button_url=\u00bbhttps:\/\/forms.gle\/uanQSwvKSvVKJHDf7&#8243; hover_enabled=\u00bb0&#8243; sticky_enabled=\u00bb0&#8243; button_alignment=\u00bbcenter\u00bb disabled_on=\u00bbon|on|off\u00bb custom_button=\u00bbon\u00bb button_text_size=\u00bb13px\u00bb][\/et_pb_button][et_pb_button button_text=\u00bbReserva 28\/0925&#8243; _builder_version=\u00bb4.27.4&#8243; _module_preset=\u00bbdefault\u00bb button_url=\u00bbhttps:\/\/forms.gle\/vXQ42jxyPEVyaud77&#8243; hover_enabled=\u00bb0&#8243; sticky_enabled=\u00bb0&#8243; button_alignment=\u00bbcenter\u00bb disabled_on=\u00bbon|on|off\u00bb custom_button=\u00bbon\u00bb button_text_size=\u00bb13px\u00bb][\/et_pb_button][et_pb_button button_text=\u00bbReserva 26\/10\/25&#8243; _builder_version=\u00bb4.27.4&#8243; _module_preset=\u00bbdefault\u00bb button_url=\u00bbhttps:\/\/forms.gle\/RFkhPVJnDeWFA89w5&#8243; hover_enabled=\u00bb0&#8243; sticky_enabled=\u00bb0&#8243; button_alignment=\u00bbcenter\u00bb disabled_on=\u00bbon|on|off\u00bb custom_button=\u00bbon\u00bb button_text_size=\u00bb13px\u00bb][\/et_pb_button][et_pb_button button_text=\u00bbReserva 30\/11\/25&#8243; _builder_version=\u00bb4.27.4&#8243; _module_preset=\u00bbdefault\u00bb button_url=\u00bbhttps:\/\/forms.gle\/r2PLSBRYcifSvnJKA\u00bb hover_enabled=\u00bb0&#8243; sticky_enabled=\u00bb0&#8243; button_alignment=\u00bbcenter\u00bb disabled_on=\u00bbon|on|off\u00bb custom_button=\u00bbon\u00bb button_text_size=\u00bb13px\u00bb][\/et_pb_button][\/et_pb_column][et_pb_column type=\u00bb1_3&#8243; _builder_version=\u00bb4.27.4&#8243; _module_preset=\u00bbdefault\u00bb background_color=\u00bbRGBA(255,255,255,0)\u00bb border_radii=\u00bbon|16px|16px|16px|16px\u00bb border_width_all=\u00bb1px\u00bb border_color_all=\u00bb#EDF000&#8243; global_colors_info=\u00bb{}\u00bb][et_pb_text _builder_version=\u00bb4.27.4&#8243; _module_preset=\u00bbdefault\u00bb text_text_color=\u00bb#000000&#8243; background_color=\u00bbRGBA(255,255,255,0)\u00bb custom_padding=\u00bb|||5px|false|false\u00bb global_colors_info=\u00bb{}\u00bb]<\/p>\n<p><strong>Para grupos:<\/strong><\/p>\n<p><strong>Previa reserva y seg\u00fan disponibilidad:<\/strong><\/p>\n<ul>\n<li>Martes por la ma\u00f1ana a partir de septiembre de 2025<\/li>\n<li><span style=\"font-size: 14px;\">90 minutos<\/span><\/li>\n<li><span style=\"font-size: 14px;\">Precio: 80 euros para grupos de hasta 25 pax<\/span><\/li>\n<li><span style=\"font-size: 14px;\">Idioma: catal\u00e1n y castellano<\/span><\/li>\n<li><span style=\"font-size: 14px;\">Disponible adaptaci\u00f3n para grupos escolares por ciclo medio y superior de primaria, ESO y Bachillerato.<\/span><\/li>\n<\/ul>\n<p>[\/et_pb_text][\/et_pb_column][\/et_pb_row][et_pb_row column_structure=\u00bb1_3,1_3,1_3&#8243; _builder_version=\u00bb4.27.4&#8243; _module_preset=\u00bbdefault\u00bb hover_enabled=\u00bb0&#8243; global_colors_info=\u00bb{}\u00bb disabled_on=\u00bboff|off|on\u00bb sticky_enabled=\u00bb0&#8243;][et_pb_column type=\u00bb1_3&#8243; _builder_version=\u00bb4.27.4&#8243; _module_preset=\u00bbdefault\u00bb global_colors_info=\u00bb{}\u00bb][et_pb_text _builder_version=\u00bb4.27.4&#8243; _module_preset=\u00bbdefault\u00bb background_color=\u00bbRGBA(237,240,0,0.24)\u00bb border_radii=\u00bbon|16px|16px|16px|16px\u00bb border_color_all=\u00bb#EDF000&#8243; global_colors_info=\u00bb{}\u00bb]<\/p>\n<p style=\"text-align: left;\"><strong>Puertas abiertas:<\/strong><\/p>\n<p>[\/et_pb_text][\/et_pb_column][et_pb_column type=\u00bb1_3&#8243; _builder_version=\u00bb4.27.4&#8243; _module_preset=\u00bbdefault\u00bb global_colors_info=\u00bb{}\u00bb][et_pb_text _builder_version=\u00bb4.27.4&#8243; _module_preset=\u00bbdefault\u00bb text_text_color=\u00bb#000000&#8243; background_color=\u00bbRGBA(255,255,255,0)\u00bb custom_padding=\u00bb|||5px|false|false\u00bb global_colors_info=\u00bb{}\u00bb]<\/p>\n<p><b>Visita libre<\/b><\/p>\n<p>\u00daltimo domingo de mes excepto agosto y diciembre.<\/p>\n<ul>\n<li>De 10 a 14 h<\/li>\n<li>Gratuita<\/li>\n<li>Acceso libre<\/li>\n<\/ul>\n<p>[\/et_pb_text][\/et_pb_column][et_pb_column type=\u00bb1_3&#8243; _builder_version=\u00bb4.27.4&#8243; _module_preset=\u00bbdefault\u00bb global_colors_info=\u00bb{}\u00bb][\/et_pb_column][\/et_pb_row][et_pb_row column_structure=\u00bb1_3,1_3,1_3&#8243; _builder_version=\u00bb4.27.4&#8243; _module_preset=\u00bbdefault\u00bb hover_enabled=\u00bb0&#8243; global_colors_info=\u00bb{}\u00bb disabled_on=\u00bboff|off|on\u00bb sticky_enabled=\u00bb0&#8243;][et_pb_column type=\u00bb1_3&#8243; _builder_version=\u00bb4.27.4&#8243; _module_preset=\u00bbdefault\u00bb global_colors_info=\u00bb{}\u00bb][et_pb_text _builder_version=\u00bb4.27.4&#8243; _module_preset=\u00bbdefault\u00bb background_color=\u00bbRGBA(237,240,0,0.24)\u00bb border_radii=\u00bbon|16px|16px|16px|16px\u00bb border_color_all=\u00bb#EDF000&#8243; global_colors_info=\u00bb{}\u00bb]<\/p>\n<p style=\"text-align: left;\"><strong>Ruta De la M\u00e0 d&#8217;Esplugues<\/strong><\/p>\n<p>[\/et_pb_text][et_pb_text _builder_version=\u00bb4.27.4&#8243; _module_preset=\u00bbdefault\u00bb global_colors_info=\u00bb{}\u00bb]<\/p>\n<p style=\"text-align: center;\">Itinerario guiado por el centro hist\u00f3rico de Esplugues que incluye en exclusiva <span style=\"text-decoration: underline;\">la visita guiada al Claustro de Montsi\u00f3 a los Jardines de Can Tintur\u00e9.<\/span><\/p>\n<p>[\/et_pb_text][\/et_pb_column][et_pb_column type=\u00bb1_3&#8243; _builder_version=\u00bb4.27.4&#8243; _module_preset=\u00bbdefault\u00bb global_colors_info=\u00bb{}\u00bb][et_pb_text _builder_version=\u00bb4.27.4&#8243; _module_preset=\u00bbdefault\u00bb text_text_color=\u00bb#000000&#8243; background_color=\u00bbRGBA(255,255,255,0)\u00bb custom_padding=\u00bb|||5px|false|false\u00bb global_colors_info=\u00bb{}\u00bb]<\/p>\n<p><strong>Para p\u00fablico individual:<\/strong><\/p>\n<p>\u00daltimo domingo de mes excepto agosto y diciembre, a las 10.30 h<strong><\/strong><\/p>\n<p><strong><\/strong><\/p>\n<ul>\n<li>Inscripci\u00f3n previa <span style=\"text-decoration: underline;\"><\/span><\/li>\n<li>Precio: 3 euros<\/li>\n<li>Durada 2 horas<\/li>\n<\/ul>\n<p><span style=\"text-decoration: underline;\"><\/span><\/p>\n<p>[\/et_pb_text][et_pb_button button_text=\u00bbReserva 27\/07\/25&#8243; _builder_version=\u00bb4.27.4&#8243; _module_preset=\u00bbdefault\u00bb button_url=\u00bbhttps:\/\/forms.gle\/uanQSwvKSvVKJHDf7&#8243; hover_enabled=\u00bb0&#8243; sticky_enabled=\u00bb0&#8243; button_alignment=\u00bbcenter\u00bb disabled_on=\u00bbon|on|off\u00bb custom_button=\u00bbon\u00bb button_text_size=\u00bb13px\u00bb][\/et_pb_button][et_pb_button button_text=\u00bbReserva 28\/0925&#8243; _builder_version=\u00bb4.27.4&#8243; _module_preset=\u00bbdefault\u00bb button_url=\u00bbhttps:\/\/forms.gle\/vXQ42jxyPEVyaud77&#8243; hover_enabled=\u00bb0&#8243; sticky_enabled=\u00bb0&#8243; button_alignment=\u00bbcenter\u00bb disabled_on=\u00bbon|on|off\u00bb custom_button=\u00bbon\u00bb button_text_size=\u00bb13px\u00bb][\/et_pb_button][et_pb_button button_text=\u00bbReserva 26\/10\/25&#8243; _builder_version=\u00bb4.27.4&#8243; _module_preset=\u00bbdefault\u00bb button_url=\u00bbhttps:\/\/forms.gle\/RFkhPVJnDeWFA89w5&#8243; hover_enabled=\u00bb0&#8243; sticky_enabled=\u00bb0&#8243; button_alignment=\u00bbcenter\u00bb disabled_on=\u00bbon|on|off\u00bb custom_button=\u00bbon\u00bb button_text_size=\u00bb13px\u00bb][\/et_pb_button][et_pb_button button_text=\u00bbReserva 30\/11\/25&#8243; _builder_version=\u00bb4.27.4&#8243; _module_preset=\u00bbdefault\u00bb button_url=\u00bbhttps:\/\/forms.gle\/r2PLSBRYcifSvnJKA\u00bb hover_enabled=\u00bb0&#8243; sticky_enabled=\u00bb0&#8243; button_alignment=\u00bbcenter\u00bb disabled_on=\u00bbon|on|off\u00bb custom_button=\u00bbon\u00bb button_text_size=\u00bb13px\u00bb][\/et_pb_button][\/et_pb_column][et_pb_column type=\u00bb1_3&#8243; _builder_version=\u00bb4.27.4&#8243; _module_preset=\u00bbdefault\u00bb global_colors_info=\u00bb{}\u00bb][et_pb_text _builder_version=\u00bb4.27.4&#8243; _module_preset=\u00bbdefault\u00bb text_text_color=\u00bb#000000&#8243; background_color=\u00bbRGBA(255,255,255,0)\u00bb custom_padding=\u00bb|||5px|false|false\u00bb global_colors_info=\u00bb{}\u00bb]<\/p>\n<p><strong>Para grupos:<\/strong><\/p>\n<p><strong>Previa reserva y seg\u00fan disponibilidad:<\/strong><\/p>\n<ul>\n<li>Martes por la ma\u00f1ana a partir de septiembre de 2025<\/li>\n<li><span style=\"font-size: 14px;\">90 minutos<\/span><\/li>\n<li><span style=\"font-size: 14px;\">Precio: 80 euros para grupos de hasta 25 pax<\/span><\/li>\n<li><span style=\"font-size: 14px;\">Idioma: catal\u00e1n y castellano<\/span><\/li>\n<li><span style=\"font-size: 14px;\">Disponible adaptaci\u00f3n para grupos escolares por ciclo medio y superior de primaria, ESO y Bachillerato.<\/span><\/li>\n<\/ul>\n<p>[\/et_pb_text][\/et_pb_column][\/et_pb_row][et_pb_row _builder_version=\u00bb4.27.4&#8243; _module_preset=\u00bbdefault\u00bb global_colors_info=\u00bb{}\u00bb][et_pb_column type=\u00bb4_4&#8243; _builder_version=\u00bb4.27.4&#8243; _module_preset=\u00bbdefault\u00bb global_colors_info=\u00bb{}\u00bb][et_pb_divider color=\u00bb#EDF000&#8243; _builder_version=\u00bb4.27.4&#8243; _module_preset=\u00bbdefault\u00bb border_color_all=\u00bb#EDF000&#8243; global_colors_info=\u00bb{}\u00bb][\/et_pb_divider][\/et_pb_column][\/et_pb_row][et_pb_row column_structure=\u00bb3_5,2_5&#8243; _builder_version=\u00bb4.27.4&#8243; _module_preset=\u00bbdefault\u00bb global_colors_info=\u00bb{}\u00bb][et_pb_column type=\u00bb3_5&#8243; _builder_version=\u00bb4.27.4&#8243; _module_preset=\u00bbdefault\u00bb background_color=\u00bbrgba(237,240,0,0.19)\u00bb border_radii=\u00bbon|16px|16px|16px|16px\u00bb global_colors_info=\u00bb{}\u00bb][et_pb_text _builder_version=\u00bb4.27.4&#8243; _module_preset=\u00bbdefault\u00bb global_colors_info=\u00bb{}\u00bb]<\/p>\n<p>El Monasterio de Santa Mar\u00eda de Montsi\u00f3, que destaca por un claustro g\u00f3tico del siglo XIV, una iglesia desacralizada y diversas dependencias que fueron habitadas por las monjas dominicas hasta 2022.<\/p>\n<p>&nbsp;<\/p>\n<p>Este monasterio tiene una historia singular, marcada por diversas reubicaciones, desde su ubicaci\u00f3n original en la calle Montsi\u00f3 de Barcelona hasta el traslado a Esplugues en 1947, cuando la comunidad reconstruy\u00f3 el claustro piedra a piedra en la mas\u00eda de Can Casanovas.<\/p>\n<p>&nbsp;<\/p>\n<p>Por otro lado, la finca incluye la mas\u00eda de Can Casanovas, una edificaci\u00f3n original del siglo XV, remodelada en estilo modernista entre 1902 y 1903 por el arquitecto Antoni Maria Galliss\u00e0.<br \/>Este edificio cuenta con un jard\u00edn y una balsa de agua para el riego, que contribuir\u00e1n a ampliar la zona verde del municipio.<\/p>\n<p>[\/et_pb_text][\/et_pb_column][et_pb_column type=\u00bb2_5&#8243; _builder_version=\u00bb4.27.4&#8243; _module_preset=\u00bbdefault\u00bb background_color=\u00bbrgba(237,240,0,0.19)\u00bb border_radii=\u00bbon|16px|16px|16px|16px\u00bb global_colors_info=\u00bb{}\u00bb][et_pb_image src=\u00bbhttps:\/\/museus.esplugues.cat\/wp-content\/uploads\/2025\/07\/106.jpg\u00bb title_text=\u00bb106&#8243; _builder_version=\u00bb4.27.4&#8243; _module_preset=\u00bbdefault\u00bb global_colors_info=\u00bb{}\u00bb][\/et_pb_image][et_pb_image src=\u00bbhttps:\/\/museus.esplugues.cat\/wp-content\/uploads\/2025\/07\/094.jpg\u00bb title_text=\u00bb094&#8243; _builder_version=\u00bb4.27.4&#8243; _module_preset=\u00bbdefault\u00bb global_colors_info=\u00bb{}\u00bb][\/et_pb_image][\/et_pb_column][\/et_pb_row][\/et_pb_section]<\/p>\n","protected":false},"excerpt":{"rendered":"<p>Conjunto arquitect\u00f3nico que incluye un claustro g\u00f3tico del siglo XIV, la iglesia conventual y la casa modernista de Can Casanovas, recientemente adquirido por el Ayuntamiento de Esplugues de Llobregat.\u00bfC\u00f3mo puedo visitar el Monasterio de Montsi\u00f3? Puertas abiertas: Ruta De la M\u00e0 d&#8217;EspluguesItinerario guiado por el centro hist\u00f3rico de Esplugues que incluye en exclusiva la visita [&hellip;]<\/p>\n","protected":false},"author":1,"featured_media":0,"comment_status":"closed","ping_status":"closed","sticky":false,"template":"","format":"standard","meta":{"_et_pb_use_builder":"on","_et_pb_old_content":"","_et_gb_content_width":"","_uag_custom_page_level_css":"","footnotes":""},"categories":[653,958],"tags":[],"class_list":["post-45350","post","type-post","status-publish","format-standard","hentry","category-noticies-es","category-noticias-es"],"uagb_featured_image_src":{"full":false,"thumbnail":false,"medium":false,"medium_large":false,"large":false,"1536x1536":false,"2048x2048":false,"et-pb-post-main-image":false,"et-pb-post-main-image-fullwidth":false,"et-pb-portfolio-image":false,"et-pb-portfolio-module-image":false,"et-pb-portfolio-image-single":false,"et-pb-gallery-module-image-portrait":false,"et-pb-post-main-image-fullwidth-large":false,"et-pb-image--responsive--desktop":false,"et-pb-image--responsive--tablet":false,"et-pb-image--responsive--phone":false},"uagb_author_info":{"display_name":"alpha","author_link":"https:\/\/museus.esplugues.cat\/es\/author\/alpha"},"uagb_comment_info":0,"uagb_excerpt":"Conjunto arquitect\u00f3nico que incluye un claustro g\u00f3tico del siglo XIV, la iglesia conventual y la casa modernista de Can Casanovas, recientemente adquirido por el Ayuntamiento de Esplugues de Llobregat.\u00bfC\u00f3mo puedo visitar el Monasterio de Montsi\u00f3? Puertas abiertas: Ruta De la M\u00e0 d'EspluguesItinerario guiado por el centro hist\u00f3rico de Esplugues que incluye en exclusiva la visita&hellip;","_links":{"self":[{"href":"https:\/\/museus.esplugues.cat\/es\/wp-json\/wp\/v2\/posts\/45350","targetHints":{"allow":["GET"]}}],"collection":[{"href":"https:\/\/museus.esplugues.cat\/es\/wp-json\/wp\/v2\/posts"}],"about":[{"href":"https:\/\/museus.esplugues.cat\/es\/wp-json\/wp\/v2\/types\/post"}],"author":[{"embeddable":true,"href":"https:\/\/museus.esplugues.cat\/es\/wp-json\/wp\/v2\/users\/1"}],"replies":[{"embeddable":true,"href":"https:\/\/museus.esplugues.cat\/es\/wp-json\/wp\/v2\/comments?post=45350"}],"version-history":[{"count":5,"href":"https:\/\/museus.esplugues.cat\/es\/wp-json\/wp\/v2\/posts\/45350\/revisions"}],"predecessor-version":[{"id":45357,"href":"https:\/\/museus.esplugues.cat\/es\/wp-json\/wp\/v2\/posts\/45350\/revisions\/45357"}],"wp:attachment":[{"href":"https:\/\/museus.esplugues.cat\/es\/wp-json\/wp\/v2\/media?parent=45350"}],"wp:term":[{"taxonomy":"category","embeddable":true,"href":"https:\/\/museus.esplugues.cat\/es\/wp-json\/wp\/v2\/categories?post=45350"},{"taxonomy":"post_tag","embeddable":true,"href":"https:\/\/museus.esplugues.cat\/es\/wp-json\/wp\/v2\/tags?post=45350"}],"curies":[{"name":"wp","href":"https:\/\/api.w.org\/{rel}","templated":true}]}}