{"id":46250,"date":"2025-11-28T09:13:18","date_gmt":"2025-11-28T08:13:18","guid":{"rendered":"https:\/\/museus.esplugues.cat\/teatrereis2026"},"modified":"2025-12-02T14:33:18","modified_gmt":"2025-12-02T13:33:18","slug":"teatrereis2026","status":"publish","type":"post","link":"https:\/\/museus.esplugues.cat\/es\/teatrereis2026","title":{"rendered":"\u00a1Gran estreno! \u00a1Nuevas aventuras de Fanguet y la Terrisseta con los Reyes Magos!"},"content":{"rendered":"<p>[et_pb_section fb_built=\u00bb1&#8243; admin_label=\u00bbsection\u00bb _builder_version=\u00bb4.25.1&#8243; global_colors_info=\u00bb{}\u00bb][et_pb_row disabled_on=\u00bboff|off|off\u00bb admin_label=\u00bbrow\u00bb _builder_version=\u00bb4.25.1&#8243; background_size=\u00bbinitial\u00bb background_position=\u00bbtop_left\u00bb background_repeat=\u00bbrepeat\u00bb global_colors_info=\u00bb{}\u00bb][et_pb_column type=\u00bb4_4&#8243; _builder_version=\u00bb4.16&#8243; custom_padding=\u00bb|||\u00bb global_colors_info=\u00bb{}\u00bb custom_padding__hover=\u00bb|||\u00bb][et_pb_image src=\u00bbhttps:\/\/museus.esplugues.cat\/wp-content\/uploads\/2025\/12\/TeatreReis-H.jpg\u00bb alt=\u00bbFangFest\u00bb title_text=\u00bbTeatreReis H\u00bb disabled_on=\u00bboff|off|off\u00bb _builder_version=\u00bb4.27.4&#8243; filter_saturate=\u00bb5%\u00bb border_radii=\u00bbon|16px|16px|16px|16px\u00bb global_colors_info=\u00bb{}\u00bb][\/et_pb_image][\/et_pb_column][\/et_pb_row][\/et_pb_section][et_pb_section fb_built=\u00bb1&#8243; disabled_on=\u00bbon|off|off\u00bb _builder_version=\u00bb4.27.4&#8243; _module_preset=\u00bbdefault\u00bb background_color=\u00bb#282738&#8243; use_background_color_gradient=\u00bbon\u00bb background_color_gradient_direction=\u00bb165deg\u00bb background_color_gradient_stops=\u00bb#282738 28%|#59548a 100%\u00bb border_radii=\u00bbon|16px|16px|16px|16px\u00bb border_color_all=\u00bbRGBA(255,255,255,0)\u00bb global_colors_info=\u00bb{}\u00bb][et_pb_row _builder_version=\u00bb4.27.4&#8243; _module_preset=\u00bbdefault\u00bb background_color=\u00bb#fff1cf\u00bb use_background_color_gradient=\u00bbon\u00bb background_color_gradient_type=\u00bbcircular\u00bb background_color_gradient_stops=\u00bb#fff1cf 67%|#292640 100%\u00bb width=\u00bb100%\u00bb border_radii=\u00bbon|16px|16px|16px|16px\u00bb global_colors_info=\u00bb{}\u00bb][et_pb_column type=\u00bb4_4&#8243; _builder_version=\u00bb4.27.4&#8243; _module_preset=\u00bbdefault\u00bb global_colors_info=\u00bb{}\u00bb][et_pb_text _builder_version=\u00bb4.27.4&#8243; _module_preset=\u00bbdefault\u00bb text_font=\u00bb|800|||||||\u00bb text_text_color=\u00bb#292640&#8243; text_font_size=\u00bb49px\u00bb custom_padding=\u00bb3px|||11px|false|false\u00bb hover_enabled=\u00bb0&#8243; global_colors_info=\u00bb{}\u00bb sticky_enabled=\u00bb0&#8243;]<\/p>\n<p style=\"text-align: center;\">\u00a1Gran estreno!<\/p>\n<p>[\/et_pb_text][et_pb_text _builder_version=\u00bb4.27.4&#8243; _module_preset=\u00bbdefault\u00bb text_font=\u00bb|700|||||||\u00bb text_text_color=\u00bb#292640&#8243; text_font_size=\u00bb23px\u00bb text_line_height=\u00bb0.6em\u00bb custom_margin=\u00bb5px||||false|false\u00bb custom_padding=\u00bb9px|||11px|false|false\u00bb hover_enabled=\u00bb0&#8243; global_colors_info=\u00bb{}\u00bb sticky_enabled=\u00bb0&#8243;]<\/p>\n<p style=\"text-align: center;\">\u00a1Nuevas aventuras de Fanguet y la Terrisseta<\/p>\n<p style=\"text-align: center;\">y los Reyes Magos!<\/p>\n<p>[\/et_pb_text][\/et_pb_column][\/et_pb_row][et_pb_row _builder_version=\u00bb4.27.4&#8243; _module_preset=\u00bbdefault\u00bb global_colors_info=\u00bb{}\u00bb][et_pb_column type=\u00bb4_4&#8243; _builder_version=\u00bb4.27.4&#8243; _module_preset=\u00bbdefault\u00bb global_colors_info=\u00bb{}\u00bb][et_pb_text _builder_version=\u00bb4.27.4&#8243; _module_preset=\u00bbdefault\u00bb text_font=\u00bb|800|||||||\u00bb text_text_color=\u00bb#FFFFFF\u00bb text_font_size=\u00bb43px\u00bb text_line_height=\u00bb1.6em\u00bb global_colors_info=\u00bb{}\u00bb]<\/p>\n<p>\u201cEn Fanguet, la Terrisseta i la F\u00e0brica dels Somnis\u201d<\/p>\n<p>[\/et_pb_text][et_pb_divider color=\u00bb#FFF1CF\u00bb _builder_version=\u00bb4.27.4&#8243; _module_preset=\u00bbdefault\u00bb global_colors_info=\u00bb{}\u00bb][\/et_pb_divider][\/et_pb_column][\/et_pb_row][et_pb_row _builder_version=\u00bb4.27.4&#8243; _module_preset=\u00bbdefault\u00bb background_color=\u00bb#FFF1CF\u00bb border_radii=\u00bbon|16px|16px|16px|16px\u00bb border_width_all=\u00bb2px\u00bb global_colors_info=\u00bb{}\u00bb][et_pb_column type=\u00bb4_4&#8243; _builder_version=\u00bb4.27.4&#8243; _module_preset=\u00bbdefault\u00bb global_colors_info=\u00bb{}\u00bb][et_pb_text _builder_version=\u00bb4.27.4&#8243; _module_preset=\u00bbdefault\u00bb text_font=\u00bb|600|||||||\u00bb text_text_color=\u00bb#292640&#8243; text_font_size=\u00bb20px\u00bb max_width=\u00bb100%\u00bb custom_margin=\u00bb||4px|0px|false|false\u00bb custom_padding=\u00bb|||8px|false|false\u00bb global_colors_info=\u00bb{}\u00bb]<\/p>\n<p>Lunes, 5 de enero en el Casal Robert Brillas<\/p>\n<p>Sesiones a las 10.30 h y las 12 h<\/p>\n<p>[\/et_pb_text][et_pb_text _builder_version=\u00bb4.27.4&#8243; _module_preset=\u00bbdefault\u00bb text_font=\u00bb|600|||||||\u00bb text_text_color=\u00bb#292640&#8243; text_font_size=\u00bb13px\u00bb custom_margin=\u00bb||-25px|0px|false|false\u00bb custom_padding=\u00bb||0px|18px|false|false\u00bb hover_enabled=\u00bb0&#8243; global_colors_info=\u00bb{}\u00bb sticky_enabled=\u00bb0&#8243;]<\/p>\n<ul>\n<li>\u00a1Para ni\u00f1os y ni\u00f1as de todas las edades, y adultos que crean en la magia!<\/li>\n<li>Plazas limitadas<\/li>\n<\/ul>\n<p>[\/et_pb_text][\/et_pb_column][\/et_pb_row][et_pb_row _builder_version=\u00bb4.27.4&#8243; _module_preset=\u00bbdefault\u00bb custom_padding=\u00bb13px|||11px|false|false\u00bb global_colors_info=\u00bb{}\u00bb][et_pb_column type=\u00bb4_4&#8243; _builder_version=\u00bb4.27.4&#8243; _module_preset=\u00bbdefault\u00bb global_colors_info=\u00bb{}\u00bb][et_pb_text _builder_version=\u00bb4.27.4&#8243; _module_preset=\u00bbdefault\u00bb text_font=\u00bb||||||||\u00bb text_text_color=\u00bb#FFFFFF\u00bb text_font_size=\u00bb20px\u00bb global_colors_info=\u00bb{}\u00bb]<\/p>\n<p>Preparados para vivir una aventura llena de magia e ilusi\u00f3n en el estreno de la obra \u201cFanguet y la Terrisseta en la F\u00e1brica de los Sue\u00f1os\u201d, escrita por Meritxell Margarit.<\/p>\n<p> Los dos hermanos m\u00e1s traviesos y queridos de Esplugues ayudar\u00e1n a los Reyes Magos para que ning\u00fan ni\u00f1o ni ni\u00f1a se quede sin regalo, con un poco de imaginaci\u00f3n y el poder del horno de La Rajoleta.<\/p>\n<p>[\/et_pb_text][et_pb_divider color=\u00bb#FFF1CF\u00bb _builder_version=\u00bb4.27.4&#8243; _module_preset=\u00bbdefault\u00bb global_colors_info=\u00bb{}\u00bb][\/et_pb_divider][et_pb_text _builder_version=\u00bb4.27.4&#8243; _module_preset=\u00bbdefault\u00bb text_font=\u00bb||||||||\u00bb text_text_color=\u00bb#FFF1CF\u00bb text_font_size=\u00bb17px\u00bb hover_enabled=\u00bb0&#8243; global_colors_info=\u00bb{}\u00bb sticky_enabled=\u00bb0&#8243;]<\/p>\n<p>\u21d3 Entradas online apartir del 29 de diciembre \u21d3<\/p>\n<p>[\/et_pb_text][et_pb_button button_url=\u00bbhttps:\/\/entradas.codetickets.com\/entradas\/ajuntamentesplugues\u00bb button_text=\u00bb\u00a1Reserva tu plaza aqu\u00ed!\u00bb button_alignment=\u00bbcenter\u00bb _builder_version=\u00bb4.27.4&#8243; _module_preset=\u00bbdefault\u00bb custom_button=\u00bbon\u00bb button_text_size=\u00bb19px\u00bb button_text_color=\u00bb#fff1cf\u00bb button_bg_color=\u00bb#292645&#8243; hover_enabled=\u00bb0&#8243; global_colors_info=\u00bb{}\u00bb sticky_enabled=\u00bb0&#8243;][\/et_pb_button][\/et_pb_column][\/et_pb_row][\/et_pb_section][et_pb_section fb_built=\u00bb1&#8243; disabled_on=\u00bboff|on|on\u00bb admin_label=\u00bbsection\u00bb _builder_version=\u00bb4.27.4&#8243; global_colors_info=\u00bb{}\u00bb][et_pb_row disabled_on=\u00bboff|off|on\u00bb _builder_version=\u00bb4.25.1&#8243; _module_preset=\u00bbdefault\u00bb background_color=\u00bb#F5F0DD\u00bb background_enable_image=\u00bboff\u00bb parallax=\u00bbon\u00bb custom_padding=\u00bb33px|||17px|false|false\u00bb border_radii=\u00bbon|16px|16px|16px|16px\u00bb global_colors_info=\u00bb{}\u00bb][et_pb_column type=\u00bb4_4&#8243; _builder_version=\u00bb4.21.0&#8243; _module_preset=\u00bbdefault\u00bb global_colors_info=\u00bb{}\u00bb][et_pb_text _builder_version=\u00bb4.27.4&#8243; _module_preset=\u00bbdefault\u00bb text_text_color=\u00bb#000000&#8243; hover_enabled=\u00bb0&#8243; global_colors_info=\u00bb{}\u00bb sticky_enabled=\u00bb0&#8243;]<\/p>\n<p><strong>\u00a1Estreno de la nueva obra de teatro!<\/strong><\/p>\n<p><strong>Fanguet, la Terrisseta y la F\u00e1brica de los Sue\u00f1os<\/strong><br \/>Lunes 5 de enero \u00b7 Casal de Cultura Robert Brillas<\/p>\n<p>Preparados para vivir una nueva aventura llena de barro, magia e ilusi\u00f3n en el estreno de la obra \u201cFanguet y la Terrisseta en la F\u00e1brica de los Sue\u00f1os\u201d, escrita por Meritxell Margarit.<\/p>\n<p>Los dos hermanos m\u00e1s traviesos y queridos de Esplugues ayudar\u00e1n a los Reyes Magos para que ning\u00fan ni\u00f1o ni ni\u00f1a se quede sin regalo, con un poco de imaginaci\u00f3n y el poder del horno de \u201cLa Rajoleta\u201d.<\/p>\n<ul>\n<li><strong>Sesiones: 10.30 y 12 h<\/strong><\/li>\n<li>\u00a1Para ni\u00f1os y ni\u00f1as de todas las edades, y adultos que crean en la magia!<\/li>\n<li>Plazas limitadas<\/li>\n<li>Entradas disponibles online apartir del 29 de diciembre<\/li>\n<\/ul>\n<p>[\/et_pb_text][et_pb_text _builder_version=\u00bb4.27.4&#8243; _module_preset=\u00bbdefault\u00bb text_font=\u00bb||||||||\u00bb text_text_color=\u00bb#292648&#8243; text_font_size=\u00bb17px\u00bb hover_enabled=\u00bb0&#8243; global_colors_info=\u00bb{}\u00bb sticky_enabled=\u00bb0&#8243;]<\/p>\n<p style=\"text-align: center;\">\u21d3 Entradas online apartir del 29 de diciembre \u21d3<\/p>\n<p>[\/et_pb_text][et_pb_button button_url=\u00bbhttps:\/\/entradas.codetickets.com\/entradas\/ajuntamentesplugues\u00bb button_text=\u00bb\u00a1Reserva tu plaza aqu\u00ed!\u00bb button_alignment=\u00bbcenter\u00bb _builder_version=\u00bb4.27.4&#8243; _module_preset=\u00bbdefault\u00bb custom_button=\u00bbon\u00bb button_text_size=\u00bb19px\u00bb button_text_color=\u00bb#fff1cf\u00bb button_bg_color=\u00bb#292645&#8243; global_colors_info=\u00bb{}\u00bb][\/et_pb_button][\/et_pb_column][\/et_pb_row][\/et_pb_section]<\/p>\n","protected":false},"excerpt":{"rendered":"<p>\u00a1Gran estreno!\u00a1Nuevas aventuras de Fanguet y la Terrisseta y los Reyes Magos!\u201cEn Fanguet, la Terrisseta i la F\u00e0brica dels Somnis\u201dLunes, 5 de enero en el Casal Robert Brillas Sesiones a las 10.30 h y las 12 h \u00a1Para ni\u00f1os y ni\u00f1as de todas las edades, y adultos que crean en la magia! Plazas limitadas Preparados [&hellip;]<\/p>\n","protected":false},"author":1,"featured_media":46145,"comment_status":"closed","ping_status":"closed","sticky":false,"template":"","format":"standard","meta":{"_et_pb_use_builder":"on","_et_pb_old_content":"","_et_gb_content_width":"","_uag_custom_page_level_css":"","footnotes":""},"categories":[653,958,652],"tags":[],"class_list":["post-46250","post","type-post","status-publish","format-standard","has-post-thumbnail","hentry","category-noticies-es","category-noticias-es","category-sin-categorizar"],"uagb_featured_image_src":{"full":["https:\/\/museus.esplugues.cat\/wp-content\/uploads\/2025\/11\/TeatreReis-300.jpg",300,200,false],"thumbnail":["https:\/\/museus.esplugues.cat\/wp-content\/uploads\/2025\/11\/TeatreReis-300.jpg",80,53,false],"medium":["https:\/\/museus.esplugues.cat\/wp-content\/uploads\/2025\/11\/TeatreReis-300.jpg",300,200,false],"medium_large":["https:\/\/museus.esplugues.cat\/wp-content\/uploads\/2025\/11\/TeatreReis-300.jpg",300,200,false],"large":["https:\/\/museus.esplugues.cat\/wp-content\/uploads\/2025\/11\/TeatreReis-300.jpg",300,200,false],"1536x1536":["https:\/\/museus.esplugues.cat\/wp-content\/uploads\/2025\/11\/TeatreReis-300.jpg",300,200,false],"2048x2048":["https:\/\/museus.esplugues.cat\/wp-content\/uploads\/2025\/11\/TeatreReis-300.jpg",300,200,false],"et-pb-post-main-image":["https:\/\/museus.esplugues.cat\/wp-content\/uploads\/2025\/11\/TeatreReis-300.jpg",300,200,false],"et-pb-post-main-image-fullwidth":["https:\/\/museus.esplugues.cat\/wp-content\/uploads\/2025\/11\/TeatreReis-300.jpg",300,200,false],"et-pb-portfolio-image":["https:\/\/museus.esplugues.cat\/wp-content\/uploads\/2025\/11\/TeatreReis-300.jpg",300,200,false],"et-pb-portfolio-module-image":["https:\/\/museus.esplugues.cat\/wp-content\/uploads\/2025\/11\/TeatreReis-300.jpg",300,200,false],"et-pb-portfolio-image-single":["https:\/\/museus.esplugues.cat\/wp-content\/uploads\/2025\/11\/TeatreReis-300.jpg",300,200,false],"et-pb-gallery-module-image-portrait":["https:\/\/museus.esplugues.cat\/wp-content\/uploads\/2025\/11\/TeatreReis-300.jpg",300,200,false],"et-pb-post-main-image-fullwidth-large":["https:\/\/museus.esplugues.cat\/wp-content\/uploads\/2025\/11\/TeatreReis-300.jpg",300,200,false],"et-pb-image--responsive--desktop":["https:\/\/museus.esplugues.cat\/wp-content\/uploads\/2025\/11\/TeatreReis-300.jpg",300,200,false],"et-pb-image--responsive--tablet":["https:\/\/museus.esplugues.cat\/wp-content\/uploads\/2025\/11\/TeatreReis-300.jpg",300,200,false],"et-pb-image--responsive--phone":["https:\/\/museus.esplugues.cat\/wp-content\/uploads\/2025\/11\/TeatreReis-300.jpg",300,200,false]},"uagb_author_info":{"display_name":"alpha","author_link":"https:\/\/museus.esplugues.cat\/es\/author\/alpha"},"uagb_comment_info":0,"uagb_excerpt":"\u00a1Gran estreno!\u00a1Nuevas aventuras de Fanguet y la Terrisseta y los Reyes Magos!\u201cEn Fanguet, la Terrisseta i la F\u00e0brica dels Somnis\u201dLunes, 5 de enero en el Casal Robert Brillas Sesiones a las 10.30 h y las 12 h \u00a1Para ni\u00f1os y ni\u00f1as de todas las edades, y adultos que crean en la magia! Plazas limitadas Preparados&hellip;","_links":{"self":[{"href":"https:\/\/museus.esplugues.cat\/es\/wp-json\/wp\/v2\/posts\/46250","targetHints":{"allow":["GET"]}}],"collection":[{"href":"https:\/\/museus.esplugues.cat\/es\/wp-json\/wp\/v2\/posts"}],"about":[{"href":"https:\/\/museus.esplugues.cat\/es\/wp-json\/wp\/v2\/types\/post"}],"author":[{"embeddable":true,"href":"https:\/\/museus.esplugues.cat\/es\/wp-json\/wp\/v2\/users\/1"}],"replies":[{"embeddable":true,"href":"https:\/\/museus.esplugues.cat\/es\/wp-json\/wp\/v2\/comments?post=46250"}],"version-history":[{"count":11,"href":"https:\/\/museus.esplugues.cat\/es\/wp-json\/wp\/v2\/posts\/46250\/revisions"}],"predecessor-version":[{"id":46270,"href":"https:\/\/museus.esplugues.cat\/es\/wp-json\/wp\/v2\/posts\/46250\/revisions\/46270"}],"wp:featuredmedia":[{"embeddable":true,"href":"https:\/\/museus.esplugues.cat\/es\/wp-json\/wp\/v2\/media\/46145"}],"wp:attachment":[{"href":"https:\/\/museus.esplugues.cat\/es\/wp-json\/wp\/v2\/media?parent=46250"}],"wp:term":[{"taxonomy":"category","embeddable":true,"href":"https:\/\/museus.esplugues.cat\/es\/wp-json\/wp\/v2\/categories?post=46250"},{"taxonomy":"post_tag","embeddable":true,"href":"https:\/\/museus.esplugues.cat\/es\/wp-json\/wp\/v2\/tags?post=46250"}],"curies":[{"name":"wp","href":"https:\/\/api.w.org\/{rel}","templated":true}]}}