{"id":47565,"date":"2026-04-22T10:00:00","date_gmt":"2026-04-22T08:00:00","guid":{"rendered":"https:\/\/museus.esplugues.cat\/la-nit-dels-museus-2026"},"modified":"2026-04-24T09:27:49","modified_gmt":"2026-04-24T07:27:49","slug":"la-nit-dels-museus-2026","status":"publish","type":"post","link":"https:\/\/museus.esplugues.cat\/es\/la-nit-dels-museus-2026","title":{"rendered":"La Nit dels Museus 2026"},"content":{"rendered":"<p>[et_pb_section fb_built=\u00bb1&#8243; fullwidth=\u00bbon\u00bb _builder_version=\u00bb4.24.3&#8243; _module_preset=\u00bbdefault\u00bb background_image=\u00bbhttps:\/\/museus.esplugues.cat\/wp-content\/uploads\/2024\/04\/Banner-GRAN-1903x591px.jpg\u00bb global_colors_info=\u00bb{}\u00bb][et_pb_fullwidth_image src=\u00bbhttps:\/\/museus.esplugues.cat\/wp-content\/uploads\/2026\/04\/cartell-Nit-Museus-Cap.png\u00bb title_text=\u00bbcartell-Nit-Museus-Cap\u00bb _builder_version=\u00bb4.27.4&#8243; _module_preset=\u00bbdefault\u00bb global_colors_info=\u00bb{}\u00bb][\/et_pb_fullwidth_image][\/et_pb_section][et_pb_section fb_built=\u00bb1&#8243; admin_label=\u00bbsection\u00bb _builder_version=\u00bb4.27.4&#8243; background_color=\u00bbRGBA(255,255,255,0)\u00bb background_image=\u00bbhttps:\/\/museus.esplugues.cat\/wp-content\/uploads\/2025\/05\/estels.png\u00bb parallax=\u00bbon\u00bb background_blend=\u00bbcolor\u00bb border_radii=\u00bbon|16px|16px|16px|16px\u00bb global_colors_info=\u00bb{}\u00bb][et_pb_row _builder_version=\u00bb4.27.4&#8243; _module_preset=\u00bbdefault\u00bb global_colors_info=\u00bb{}\u00bb][et_pb_column type=\u00bb4_4&#8243; _builder_version=\u00bb4.27.4&#8243; _module_preset=\u00bbdefault\u00bb global_colors_info=\u00bb{}\u00bb][et_pb_text _builder_version=\u00bb4.27.4&#8243; _module_preset=\u00bbdefault\u00bb text_font=\u00bb|800|||||||\u00bb text_text_color=\u00bb#1a1955&#8243; text_font_size=\u00bb22px\u00bb global_colors_info=\u00bb{}\u00bb]<\/p>\n<p style=\"text-align: center;\"><em><em>Una noche para descubrir, emocionarse y dejarse sorprender.<\/em><\/em><\/p>\n<p>[\/et_pb_text][\/et_pb_column][\/et_pb_row][\/et_pb_section][et_pb_section fb_built=\u00bb1&#8243; admin_label=\u00bbsection\u00bb _builder_version=\u00bb4.27.4&#8243; background_color=\u00bbRGBA(255,255,255,0)\u00bb background_image=\u00bbhttps:\/\/museus.esplugues.cat\/wp-content\/uploads\/2025\/05\/estels.png\u00bb parallax=\u00bbon\u00bb background_blend=\u00bbcolor\u00bb hover_enabled=\u00bb0&#8243; border_radii=\u00bbon|9px|9px|9px|9px\u00bb border_width_all=\u00bb2px\u00bb box_shadow_style=\u00bbpreset1&#8243; global_colors_info=\u00bb{}\u00bb sticky_enabled=\u00bb0&#8243;][et_pb_row _builder_version=\u00bb4.27.4&#8243; _module_preset=\u00bbdefault\u00bb background_color=\u00bbrgba(255,255,255,0.8)\u00bb border_radii=\u00bbon|16px|16px|16px|16px\u00bb global_colors_info=\u00bb{}\u00bb][et_pb_column type=\u00bb4_4&#8243; _builder_version=\u00bb4.27.4&#8243; _module_preset=\u00bbdefault\u00bb global_colors_info=\u00bb{}\u00bb][et_pb_text _builder_version=\u00bb4.27.4&#8243; _module_preset=\u00bbdefault\u00bb text_text_color=\u00bb#FFFFFF\u00bb text_font_size=\u00bb18px\u00bb background_color=\u00bb#1A1955&#8243; custom_margin=\u00bb0px|||0px|false|false\u00bb custom_padding=\u00bb9px|9px|9px|9px|false|false\u00bb border_radii=\u00bbon|16px|16px|16px|16px\u00bb global_colors_info=\u00bb{}\u00bb]<\/p>\n<p style=\"text-align: left;\"><strong>Puertas abiertas<\/strong><\/p>\n<p><strong><\/strong><\/p>\n<p>[\/et_pb_text][\/et_pb_column][\/et_pb_row][et_pb_row disabled_on=\u00bboff|off|off\u00bb _builder_version=\u00bb4.27.4&#8243; _module_preset=\u00bbdefault\u00bb background_color=\u00bbrgba(255,255,255,0.8)\u00bb hover_enabled=\u00bb0&#8243; border_radii=\u00bbon|16px|16px|16px|16px\u00bb global_colors_info=\u00bb{}\u00bb sticky_enabled=\u00bb0&#8243;][et_pb_column type=\u00bb4_4&#8243; _builder_version=\u00bb4.27.4&#8243; _module_preset=\u00bbdefault\u00bb global_colors_info=\u00bb{}\u00bb][et_pb_text _builder_version=\u00bb4.27.4&#8243; _module_preset=\u00bbdefault\u00bb global_colors_info=\u00bb{}\u00bb]<\/p>\n<p>De 10 a 14 y de 17 a 23 h<\/p>\n<p>Descubre tres de los lugares m\u00e1s emblem\u00e1ticos de la ciudad a<strong> tu propio ritmo.<\/strong><\/p>\n<ul><\/ul>\n<p>[\/et_pb_text][\/et_pb_column][\/et_pb_row][et_pb_row column_structure=\u00bb1_3,1_3,1_3&#8243; disabled_on=\u00bboff|off|off\u00bb _builder_version=\u00bb4.27.4&#8243; _module_preset=\u00bbdefault\u00bb background_color=\u00bbRGBA(255,255,255,0)\u00bb custom_margin=\u00bb0px||||false|false\u00bb custom_padding=\u00bb16px|5px||6px|false|false\u00bb hover_enabled=\u00bb0&#8243; border_radii=\u00bbon|9px|9px|9px|9px\u00bb border_color_all=\u00bb#ceb900&#8243; global_colors_info=\u00bb{}\u00bb sticky_enabled=\u00bb0&#8243;][et_pb_column type=\u00bb1_3&#8243; _builder_version=\u00bb4.27.4&#8243; _module_preset=\u00bbdefault\u00bb global_colors_info=\u00bb{}\u00bb][et_pb_text _builder_version=\u00bb4.27.4&#8243; _module_preset=\u00bbdefault\u00bb text_font=\u00bb|700|||||||\u00bb text_text_color=\u00bb#C9B800&#8243; text_font_size=\u00bb20px\u00bb text_line_height=\u00bb1.1em\u00bb background_color=\u00bb#FFFFFF\u00bb background_layout=\u00bbdark\u00bb global_colors_info=\u00bb{}\u00bb]<\/p>\n<p style=\"text-align: center;\"><span style=\"text-decoration: underline;\"><span style=\"text-decoration: underline;\">Museu Can Tintur\u00e9<\/span><\/span><\/p>\n<p>[\/et_pb_text][et_pb_text _builder_version=\u00bb4.27.4&#8243; _module_preset=\u00bbdefault\u00bb background_color=\u00bb#FFFFFF\u00bb global_colors_info=\u00bb{}\u00bb]<\/p>\n<p>Sum\u00e9rgete en la <span style=\"text-decoration: underline;\">Colecci\u00f3n Salvador Miquel <\/span>y en la exposici\u00f3n de <span style=\"text-decoration: underline;\"><em>Galliss\u00e0, un modernista neog\u00f3tico.<\/em><\/span><\/p>\n<p>Descubre la oferta especial del espacio familiar del museo.<\/p>\n<ul><\/ul>\n<p>[\/et_pb_text][et_pb_image src=\u00bbhttps:\/\/museus.esplugues.cat\/wp-content\/uploads\/2026\/04\/Espai-familiar.jpg\u00bb title_text=\u00bbEspaci\u00f3 familiar\u00bb _builder_version=\u00bb4.27.4&#8243; _module_preset=\u00bbdefault\u00bb border_radii=\u00bbon|16px|16px|16px|16px\u00bb global_colors_info=\u00bb{}\u00bb][\/et_pb_image][et_pb_text _builder_version=\u00bb4.27.4&#8243; _module_preset=\u00bbdefault\u00bb text_font=\u00bb||on||||||\u00bb text_font_size=\u00bb10px\u00bb global_colors_info=\u00bb{}\u00bb]<\/p>\n<p style=\"text-align: left;\">Acceso libre<\/p>\n<p>[\/et_pb_text][\/et_pb_column][et_pb_column type=\u00bb1_3&#8243; _builder_version=\u00bb4.27.4&#8243; _module_preset=\u00bbdefault\u00bb global_colors_info=\u00bb{}\u00bb][et_pb_text _builder_version=\u00bb4.27.4&#8243; _module_preset=\u00bbdefault\u00bb text_font=\u00bb|700|||||||\u00bb text_text_color=\u00bb#C9B800&#8243; text_font_size=\u00bb20px\u00bb text_line_height=\u00bb1.1em\u00bb background_color=\u00bb#FFFFFF\u00bb background_layout=\u00bbdark\u00bb global_colors_info=\u00bb{}\u00bb]<\/p>\n<p style=\"text-align: center;\"><span style=\"text-decoration: underline;\"><span style=\"text-decoration: underline;\"><span style=\"text-decoration: underline;\">Museu de cer\u00e1mica La Rajoleta<\/span><\/span><\/span><\/p>\n<p>[\/et_pb_text][et_pb_text _builder_version=\u00bb4.27.4&#8243; _module_preset=\u00bbdefault\u00bb background_color=\u00bb#FFFFFF\u00bb global_colors_info=\u00bb{}\u00bb]<\/p>\n<p>Un fascinante recorrido por el pasado industrial y creativo de la cer\u00e1mica.<\/p>\n<ul><\/ul>\n<p>[\/et_pb_text][et_pb_image src=\u00bbhttps:\/\/museus.esplugues.cat\/wp-content\/uploads\/2026\/04\/PO_-La-Rajoleta_web.jpg\u00bb title_text=\u00bbPO_ La Rajoleta_web\u00bb _builder_version=\u00bb4.27.4&#8243; _module_preset=\u00bbdefault\u00bb border_radii=\u00bbon|16px|16px|16px|16px\u00bb global_colors_info=\u00bb{}\u00bb][\/et_pb_image][et_pb_text _builder_version=\u00bb4.27.4&#8243; _module_preset=\u00bbdefault\u00bb text_font=\u00bb||on||||||\u00bb text_font_size=\u00bb10px\u00bb global_colors_info=\u00bb{}\u00bb]<\/p>\n<p style=\"text-align: left;\">Acceso libre<\/p>\n<p>[\/et_pb_text][\/et_pb_column][et_pb_column type=\u00bb1_3&#8243; _builder_version=\u00bb4.27.4&#8243; _module_preset=\u00bbdefault\u00bb global_colors_info=\u00bb{}\u00bb][et_pb_text _builder_version=\u00bb4.27.4&#8243; _module_preset=\u00bbdefault\u00bb text_font=\u00bb|700|||||||\u00bb text_text_color=\u00bb#C9B800&#8243; text_font_size=\u00bb20px\u00bb text_line_height=\u00bb1.1em\u00bb background_color=\u00bb#FFFFFF\u00bb background_layout=\u00bbdark\u00bb global_colors_info=\u00bb{}\u00bb]<\/p>\n<p style=\"text-align: center;\"><u>Espai Corber\u00f3<\/u><\/p>\n<p>[\/et_pb_text][et_pb_text _builder_version=\u00bb4.27.4&#8243; _module_preset=\u00bbdefault\u00bb background_color=\u00bb#FFFFFF\u00bb global_colors_info=\u00bb{}\u00bb]<\/p>\n<p>Un entorno art\u00edstico \u00fanico que cautiva por su arquitectura y su ambiente.<\/p>\n<p>&nbsp;<\/p>\n<p>[\/et_pb_text][et_pb_image src=\u00bbhttps:\/\/museus.esplugues.cat\/wp-content\/uploads\/2026\/04\/Nit-corbero_WEB.jpg\u00bb title_text=\u00bbNit corber\u00f3_WEB\u00bb _builder_version=\u00bb4.27.4&#8243; _module_preset=\u00bbdefault\u00bb border_radii=\u00bbon|16px|16px|16px|16px\u00bb global_colors_info=\u00bb{}\u00bb][\/et_pb_image][et_pb_text _builder_version=\u00bb4.27.4&#8243; _module_preset=\u00bbdefault\u00bb text_font=\u00bb||on||||||\u00bb text_font_size=\u00bb10px\u00bb global_colors_info=\u00bb{}\u00bb]<\/p>\n<p style=\"text-align: left;\">Acceso libre<\/p>\n<p>[\/et_pb_text][\/et_pb_column][\/et_pb_row][\/et_pb_section][et_pb_section fb_built=\u00bb1&#8243; admin_label=\u00bbsection\u00bb _builder_version=\u00bb4.27.4&#8243; background_color=\u00bbRGBA(255,255,255,0)\u00bb background_image=\u00bbhttps:\/\/museus.esplugues.cat\/wp-content\/uploads\/2025\/05\/estels.png\u00bb parallax=\u00bbon\u00bb background_blend=\u00bbcolor\u00bb custom_margin=\u00bb20px||0px||false|false\u00bb border_radii=\u00bbon|9px|9px|9px|9px\u00bb border_width_all=\u00bb2px\u00bb box_shadow_style=\u00bbpreset1&#8243; global_colors_info=\u00bb{}\u00bb][et_pb_row _builder_version=\u00bb4.27.4&#8243; _module_preset=\u00bbdefault\u00bb background_color=\u00bbrgba(255,255,255,0.8)\u00bb border_radii=\u00bbon|16px|16px|16px|16px\u00bb global_colors_info=\u00bb{}\u00bb][et_pb_column type=\u00bb4_4&#8243; _builder_version=\u00bb4.27.4&#8243; _module_preset=\u00bbdefault\u00bb global_colors_info=\u00bb{}\u00bb][et_pb_text _builder_version=\u00bb4.27.4&#8243; _module_preset=\u00bbdefault\u00bb text_text_color=\u00bb#FFFFFF\u00bb text_font_size=\u00bb18px\u00bb background_color=\u00bb#1A1955&#8243; custom_padding=\u00bb9px|9px|9px|9px|false|false\u00bb border_radii=\u00bbon|16px|16px|16px|16px\u00bb global_colors_info=\u00bb{}\u00bb]<\/p>\n<p style=\"text-align: left;\"><strong>Actividades<\/strong><\/p>\n<p><strong><\/strong><\/p>\n<p>[\/et_pb_text][\/et_pb_column][\/et_pb_row][et_pb_row column_structure=\u00bb1_3,1_3,1_3&#8243; _builder_version=\u00bb4.27.4&#8243; _module_preset=\u00bbdefault\u00bb background_color=\u00bbrgba(255,255,255,0.8)\u00bb hover_enabled=\u00bb0&#8243; border_radii=\u00bbon|16px|16px|16px|16px\u00bb global_colors_info=\u00bb{}\u00bb sticky_enabled=\u00bb0&#8243;][et_pb_column type=\u00bb1_3&#8243; _builder_version=\u00bb4.27.4&#8243; _module_preset=\u00bbdefault\u00bb global_colors_info=\u00bb{}\u00bb][et_pb_text _builder_version=\u00bb4.27.4&#8243; _module_preset=\u00bbdefault\u00bb text_font=\u00bb|700|||||||\u00bb text_text_color=\u00bb#C9B800&#8243; text_font_size=\u00bb20px\u00bb text_line_height=\u00bb1.1em\u00bb background_color=\u00bb#FFFFFF\u00bb background_layout=\u00bbdark\u00bb global_colors_info=\u00bb{}\u00bb]<\/p>\n<p style=\"text-align: center;\"><u>Foc i fang<\/u><\/p>\n<p>[\/et_pb_text][et_pb_text _builder_version=\u00bb4.27.4&#8243; _module_preset=\u00bbdefault\u00bb global_colors_info=\u00bb{}\u00bb]<\/p>\n<p class=\"isSelectedEnd\"><strong>\ud83d\udd59 De 10 a 14 h &#8211; \ud83d\udccd Museu de Cer\u00e0mica La Rajoleta<\/strong><\/p>\n<p><span>\ud83d\udd25 Demostraci\u00f3n de <em>raku<\/em>, una t\u00e9cnica oriental de cocci\u00f3n de cer\u00e1mica, a cargo de la Escuela Municipal de Cer\u00e1mica.<\/span><\/p>\n<p>[\/et_pb_text][et_pb_text _builder_version=\u00bb4.27.4&#8243; _module_preset=\u00bbdefault\u00bb text_font=\u00bb||on||||||\u00bb text_font_size=\u00bb10px\u00bb global_colors_info=\u00bb{}\u00bb]<\/p>\n<p style=\"text-align: left;\">Acceso libre<\/p>\n<p>[\/et_pb_text][\/et_pb_column][et_pb_column type=\u00bb1_3&#8243; _builder_version=\u00bb4.27.4&#8243; _module_preset=\u00bbdefault\u00bb global_colors_info=\u00bb{}\u00bb][et_pb_text _builder_version=\u00bb4.27.4&#8243; _module_preset=\u00bbdefault\u00bb text_font=\u00bb|700|||||||\u00bb text_text_color=\u00bb#C9B800&#8243; text_font_size=\u00bb20px\u00bb text_line_height=\u00bb1.1em\u00bb background_color=\u00bb#FFFFFF\u00bb background_layout=\u00bbdark\u00bb global_colors_info=\u00bb{}\u00bb]<\/p>\n<p style=\"text-align: center;\"><u>Los colores de Gaud\u00ed<\/u><\/p>\n<p>[\/et_pb_text][et_pb_text _builder_version=\u00bb4.27.4&#8243; _module_preset=\u00bbdefault\u00bb global_colors_info=\u00bb{}\u00bb]<\/p>\n<p class=\"isSelectedEnd\"><strong>\ud83d\udd59 De 17 a 23 h &#8211; \ud83d\udccd Jardins de Can Tintur\u00e9 y Museu de cer\u00e0mica La Rajoleta<\/strong><\/p>\n<p><span>\u2728 Ambiance. Un universo de luz, color y fantas\u00eda inspirado en los colores de Gaud\u00ed transforma los museos. <\/span><\/p>\n<p><span>A partir de las 21 h, disfruta del espect\u00e1culo itinerante <strong>Trenadix.<\/strong><\/span><\/p>\n<p>[\/et_pb_text][et_pb_text _builder_version=\u00bb4.27.4&#8243; _module_preset=\u00bbdefault\u00bb text_font=\u00bb||on||||||\u00bb text_font_size=\u00bb10px\u00bb global_colors_info=\u00bb{}\u00bb]<\/p>\n<p style=\"text-align: left;\">Acceso libre<\/p>\n<p>[\/et_pb_text][et_pb_image src=\u00bbhttps:\/\/museus.esplugues.cat\/wp-content\/uploads\/2026\/04\/LA-Rajoles_nit.jpg\u00bb title_text=\u00bbLA Rajoles_nit\u00bb _builder_version=\u00bb4.27.4&#8243; _module_preset=\u00bbdefault\u00bb border_radii=\u00bbon|16px|16px|16px|16px\u00bb global_colors_info=\u00bb{}\u00bb][\/et_pb_image][\/et_pb_column][et_pb_column type=\u00bb1_3&#8243; _builder_version=\u00bb4.27.4&#8243; _module_preset=\u00bbdefault\u00bb global_colors_info=\u00bb{}\u00bb][et_pb_text _builder_version=\u00bb4.27.4&#8243; _module_preset=\u00bbdefault\u00bb text_font=\u00bb|700|||||||\u00bb text_text_color=\u00bb#C9B800&#8243; text_font_size=\u00bb20px\u00bb text_line_height=\u00bb1.1em\u00bb background_color=\u00bb#FFFFFF\u00bb background_layout=\u00bbdark\u00bb global_colors_info=\u00bb{}\u00bb]<\/p>\n<p style=\"text-align: center;\"><span style=\"text-decoration: underline;\"><strong>\u2018Ladys Blues, <\/strong><\/span><span style=\"text-decoration: underline;\"><strong>100 anys de la dona en la m\u00fasica\u2019<\/strong><\/span><\/p>\n<p>[\/et_pb_text][et_pb_text _builder_version=\u00bb4.27.4&#8243; _module_preset=\u00bbdefault\u00bb global_colors_info=\u00bb{}\u00bb]<\/p>\n<p class=\"isSelectedEnd\"><strong><img decoding=\"async\" draggable=\"false\" role=\"img\" class=\"emoji\" alt=\"\ud83d\udd59\" src=\"https:\/\/s.w.org\/images\/core\/emoji\/11\/svg\/1f559.svg\"> 19.30 h &#8211; <img decoding=\"async\" draggable=\"false\" role=\"img\" class=\"emoji\" alt=\"\ud83d\udccd\" src=\"https:\/\/s.w.org\/images\/core\/emoji\/11\/svg\/1f4cd.svg\"> Espai Corber\u00f3<\/strong><\/p>\n<p class=\"isSelectedEnd\"><span>\ud83c\udfb6 D\u00e9jate llevar por una velada musical.<\/span><\/p>\n<p><span>\u2728 Con <\/span><em><span>Virginia and The Woolfs, un vibrante homenaje al talento femenino en la historia de la m\u00fasica<\/span><\/em><\/p>\n<p>[\/et_pb_text][et_pb_text _builder_version=\u00bb4.27.4&#8243; _module_preset=\u00bbdefault\u00bb text_font=\u00bb||on||||||\u00bb text_font_size=\u00bb10px\u00bb global_colors_info=\u00bb{}\u00bb]<\/p>\n<p style=\"text-align: left;\">Reserva a partir del 3 de mayo<\/p>\n<p>[\/et_pb_text][et_pb_button button_text=\u00bbReserva tu entrada\u00bb button_alignment=\u00bbcenter\u00bb _builder_version=\u00bb4.27.4&#8243; _module_preset=\u00bbdefault\u00bb custom_button=\u00bbon\u00bb button_text_size=\u00bb13px\u00bb button_text_color=\u00bb#000000&#8243; button_bg_color=\u00bb#CCB700&#8243; global_colors_info=\u00bb{%22gcid-primary-color%22:%91%22button_text_color__hover%22,%22button_text_color__hover%22%93}\u00bb][\/et_pb_button][et_pb_image src=\u00bbhttps:\/\/museus.esplugues.cat\/wp-content\/uploads\/2026\/04\/Concert-virginia.jpg\u00bb title_text=\u00bbConcert virginia\u00bb _builder_version=\u00bb4.27.4&#8243; _module_preset=\u00bbdefault\u00bb border_radii=\u00bbon|16px|16px|16px|16px\u00bb global_colors_info=\u00bb{}\u00bb][\/et_pb_image][\/et_pb_column][\/et_pb_row][\/et_pb_section][et_pb_section fb_built=\u00bb1&#8243; _builder_version=\u00bb4.27.4&#8243; _module_preset=\u00bbdefault\u00bb global_colors_info=\u00bb{}\u00bb][et_pb_row _builder_version=\u00bb4.27.4&#8243; _module_preset=\u00bbdefault\u00bb global_colors_info=\u00bb{}\u00bb][et_pb_column type=\u00bb4_4&#8243; _builder_version=\u00bb4.27.4&#8243; _module_preset=\u00bbdefault\u00bb global_colors_info=\u00bb{}\u00bb][et_pb_image src=\u00bbhttps:\/\/museus.esplugues.cat\/wp-content\/uploads\/2026\/04\/logos.png\u00bb title_text=\u00bblogos\u00bb _builder_version=\u00bb4.27.4&#8243; _module_preset=\u00bbdefault\u00bb global_colors_info=\u00bb{}\u00bb][\/et_pb_image][\/et_pb_column][\/et_pb_row][\/et_pb_section]<\/p>\n","protected":false},"excerpt":{"rendered":"<p>Una noche para descubrir, emocionarse y dejarse sorprender.Puertas abiertas De 10 a 14 y de 17 a 23 h Descubre tres de los lugares m\u00e1s emblem\u00e1ticos de la ciudad a tu propio ritmo. Museu Can Tintur\u00e9Sum\u00e9rgete en la Colecci\u00f3n Salvador Miquel y en la exposici\u00f3n de Galliss\u00e0, un modernista neog\u00f3tico. Descubre la oferta especial del [&hellip;]<\/p>\n","protected":false},"author":1,"featured_media":47551,"comment_status":"closed","ping_status":"closed","sticky":false,"template":"","format":"standard","meta":{"_et_pb_use_builder":"on","_et_pb_old_content":"","_et_gb_content_width":"","_uag_custom_page_level_css":"","footnotes":""},"categories":[56,653,958,16],"tags":[871,869,1028,1029,592,765,810,816],"class_list":["post-47565","post","type-post","status-publish","format-standard","has-post-thumbnail","hentry","category-noticias","category-noticies-es","category-noticias-es","category-noticies","tag-can-tinture-es-3","tag-can-tinture-2","tag-corbero","tag-corbero-es","tag-la-nit-dels-museus","tag-la-nit-dels-museus-es-2","tag-museus","tag-museus-es"],"uagb_featured_image_src":{"full":["https:\/\/museus.esplugues.cat\/wp-content\/uploads\/2026\/04\/cartell-Nit-Museus-Cap.png",682,350,false],"thumbnail":["https:\/\/museus.esplugues.cat\/wp-content\/uploads\/2026\/04\/cartell-Nit-Museus-Cap.png",80,41,false],"medium":["https:\/\/museus.esplugues.cat\/wp-content\/uploads\/2026\/04\/cartell-Nit-Museus-Cap.png",300,154,false],"medium_large":["https:\/\/museus.esplugues.cat\/wp-content\/uploads\/2026\/04\/cartell-Nit-Museus-Cap.png",682,350,false],"large":["https:\/\/museus.esplugues.cat\/wp-content\/uploads\/2026\/04\/cartell-Nit-Museus-Cap.png",682,350,false],"1536x1536":["https:\/\/museus.esplugues.cat\/wp-content\/uploads\/2026\/04\/cartell-Nit-Museus-Cap.png",682,350,false],"2048x2048":["https:\/\/museus.esplugues.cat\/wp-content\/uploads\/2026\/04\/cartell-Nit-Museus-Cap.png",682,350,false],"et-pb-post-main-image":["https:\/\/museus.esplugues.cat\/wp-content\/uploads\/2026\/04\/cartell-Nit-Museus-Cap.png",400,205,false],"et-pb-post-main-image-fullwidth":["https:\/\/museus.esplugues.cat\/wp-content\/uploads\/2026\/04\/cartell-Nit-Museus-Cap.png",682,350,false],"et-pb-portfolio-image":["https:\/\/museus.esplugues.cat\/wp-content\/uploads\/2026\/04\/cartell-Nit-Museus-Cap.png",400,205,false],"et-pb-portfolio-module-image":["https:\/\/museus.esplugues.cat\/wp-content\/uploads\/2026\/04\/cartell-Nit-Museus-Cap.png",510,262,false],"et-pb-portfolio-image-single":["https:\/\/museus.esplugues.cat\/wp-content\/uploads\/2026\/04\/cartell-Nit-Museus-Cap.png",682,350,false],"et-pb-gallery-module-image-portrait":["https:\/\/museus.esplugues.cat\/wp-content\/uploads\/2026\/04\/cartell-Nit-Museus-Cap.png",400,205,false],"et-pb-post-main-image-fullwidth-large":["https:\/\/museus.esplugues.cat\/wp-content\/uploads\/2026\/04\/cartell-Nit-Museus-Cap.png",682,350,false],"et-pb-image--responsive--desktop":["https:\/\/museus.esplugues.cat\/wp-content\/uploads\/2026\/04\/cartell-Nit-Museus-Cap.png",682,350,false],"et-pb-image--responsive--tablet":["https:\/\/museus.esplugues.cat\/wp-content\/uploads\/2026\/04\/cartell-Nit-Museus-Cap.png",682,350,false],"et-pb-image--responsive--phone":["https:\/\/museus.esplugues.cat\/wp-content\/uploads\/2026\/04\/cartell-Nit-Museus-Cap.png",480,246,false]},"uagb_author_info":{"display_name":"alpha","author_link":"https:\/\/museus.esplugues.cat\/es\/author\/alpha"},"uagb_comment_info":0,"uagb_excerpt":"Una noche para descubrir, emocionarse y dejarse sorprender.Puertas abiertas De 10 a 14 y de 17 a 23 h Descubre tres de los lugares m\u00e1s emblem\u00e1ticos de la ciudad a tu propio ritmo. Museu Can Tintur\u00e9Sum\u00e9rgete en la Colecci\u00f3n Salvador Miquel y en la exposici\u00f3n de Galliss\u00e0, un modernista neog\u00f3tico. Descubre la oferta especial del&hellip;","_links":{"self":[{"href":"https:\/\/museus.esplugues.cat\/es\/wp-json\/wp\/v2\/posts\/47565","targetHints":{"allow":["GET"]}}],"collection":[{"href":"https:\/\/museus.esplugues.cat\/es\/wp-json\/wp\/v2\/posts"}],"about":[{"href":"https:\/\/museus.esplugues.cat\/es\/wp-json\/wp\/v2\/types\/post"}],"author":[{"embeddable":true,"href":"https:\/\/museus.esplugues.cat\/es\/wp-json\/wp\/v2\/users\/1"}],"replies":[{"embeddable":true,"href":"https:\/\/museus.esplugues.cat\/es\/wp-json\/wp\/v2\/comments?post=47565"}],"version-history":[{"count":10,"href":"https:\/\/museus.esplugues.cat\/es\/wp-json\/wp\/v2\/posts\/47565\/revisions"}],"predecessor-version":[{"id":47587,"href":"https:\/\/museus.esplugues.cat\/es\/wp-json\/wp\/v2\/posts\/47565\/revisions\/47587"}],"wp:featuredmedia":[{"embeddable":true,"href":"https:\/\/museus.esplugues.cat\/es\/wp-json\/wp\/v2\/media\/47551"}],"wp:attachment":[{"href":"https:\/\/museus.esplugues.cat\/es\/wp-json\/wp\/v2\/media?parent=47565"}],"wp:term":[{"taxonomy":"category","embeddable":true,"href":"https:\/\/museus.esplugues.cat\/es\/wp-json\/wp\/v2\/categories?post=47565"},{"taxonomy":"post_tag","embeddable":true,"href":"https:\/\/museus.esplugues.cat\/es\/wp-json\/wp\/v2\/tags?post=47565"}],"curies":[{"name":"wp","href":"https:\/\/api.w.org\/{rel}","templated":true}]}}